{"id":506276,"date":"2026-05-24T17:05:25","date_gmt":"2026-05-24T17:05:25","guid":{"rendered":"https:\/\/www.europesays.com\/it\/506276\/"},"modified":"2026-05-24T17:05:25","modified_gmt":"2026-05-24T17:05:25","slug":"chi-e-luka-topalovic-nuovo-gioiello-del-centrocampo-dellinter","status":"publish","type":"post","link":"https:\/\/www.europesays.com\/it\/506276\/","title":{"rendered":"Chi \u00e8 Luka Topalovic, nuovo gioiello del centrocampo dell&#8217;Inter"},"content":{"rendered":"<p>                                Il centrocampista sloveno classe 2006 ha lanciato Diouf per il 3-3 con un assist di prima e senza guardare. E l&#8217;Inter lo ha pagato solo un milione e mezzo<\/p>\n<p class=\"paragraph\" spellcheck=\"true\">Sul piano fisico, Luka Topalovic non ha certamente dato l\u2019idea di essere il classico ragazzetto al debutto in stagione nell\u2019ultima occasione utile: strutturato, alto, frizzante. Magari un po\u2019 leggero nei contrasti, ma per un 20enne alla prima presenza in A in stagione (non in assoluto: esord\u00ec a Como all\u2019ultima curva dello scorso campionato) ci sta eccome. In quei 10\u2019 giocati al Sinigaglia proprio un anno esatto fa l\u2019emozione aveva vinto sulle giocate: nulla di particolare da segnalare, se non l\u2019enorme soddisfazione per il debutto con la prima squadra. Un sogno inseguito una vita. Al Dall\u2019Ara di Bologna, invece, ieri Topalovic ha dato un assaggio della sua tecnica. Con un assist &#8220;alla Totti&#8221;, di prima, senza guardare, spedendo Diouf nello spazio ma soprattutto nella condizione di superare Skorupski con un ottimo destro e fissare il risultato sul 3-3 finale. Mica male, per uno che \u00e8 nato il 23 febbraio del 2006.<\/p>\n<p>    chi \u00e8 topalovic\u2014 \u00a0<\/p>\n<p class=\"paragraph is-inline\" spellcheck=\"true\">Qualcuno spara un ambizioso paragone con De Bruyne &#8211; chiaramente solo per caratteristiche -, altri lo vedono pi\u00f9 a ridosso della punta o addirittura attaccante puro, il Guardian ha inserito il suo nome nella lista dei 60 migliori talenti nati dopo il 2006. Ma Topalovic pensa solo ad aggiungere qualit\u00e0 (che si tratti di Inter Under 23 o della prima squadra) e a godersi il momento. Lo sloveno \u00e8 arrivato all\u2019Inter nell\u2019estate del 2024 dal Domzale, club abituato a sfornare talenti di un certo spessore (anche Sesko del Manchester United, per fare un esempio, \u00e8 venuto fuori da l\u00ec). Ma ci\u00f2 che all\u2019epoca un po\u2019 stup\u00ec fu la cifra investita dall\u2019Inter: quasi un milione e mezzo per un ragazzino appena maggiorenne che all\u2019epoca aveva giocato solo in patria, in Slovenia, non esattamente la fabbrica della tecnica. E invece il senno del poi ha rapidamente dato ragione agli uomini mercato nerazzurri, perch\u00e9 Topalovic in questa stagione non ha solo debuttato alla grande in prima squadra, ma si \u00e8 imposto anche con l\u2019Under 23 in Serie C. Un campionato complicato, tosto proprio sul piano della cattiveria agonistica con cui vecchi leoni del pallone di provincia interpretano il calcio specialmente contro le giovanili di grandi club. Ma Topalovic non \u00e8 uno che si lascia intimidire, \u00e8 anzi la conta finale di presenze e &#8220;bonus&#8221; dice 4 gol e 6 assist in 34 partite di C. Ma il passaggio vincente pi\u00f9 prezioso \u00e8 arrivato ieri, in Serie A: gli sono bastati 9 minuti pi\u00f9 recupero. Se il buongiorno si vede dal mattino\u2026<\/p>\n","protected":false},"excerpt":{"rendered":"Il centrocampista sloveno classe 2006 ha lanciato Diouf per il 3-3 con un assist di prima e senza&hellip;\n","protected":false},"author":3,"featured_media":506277,"comment_status":"","ping_status":"","sticky":false,"template":"","format":"standard","meta":{"footnotes":"","_share_on_mastodon":"0"},"categories":[1452],"tags":[90483,3077,8235,280583,721,1856,554,1277,10607,9419,3452,1426,1740,25936,350,1537,90,89,18569,278399,14850,3479,975,1821,9126,1739,245,244,1857,577,7989,33084,15752,9998,2199],"class_list":["post-506276","post","type-post","status-publish","format-standard","has-post-thumbnail","category-calcio","tag-ara","tag-arrivato","tag-assist","tag-assist-totti","tag-calcio","tag-campionato","tag-club","tag-dato","tag-debutto","tag-diouf","tag-epoca","tag-finale","tag-football","tag-guardare","tag-inter","tag-it","tag-italia","tag-italy","tag-luka","tag-luka-topalovic","tag-milione","tag-minuti","tag-piano","tag-serie","tag-sloveno","tag-soccer","tag-sport","tag-sports","tag-squadra","tag-stagione","tag-talenti","tag-tecnica","tag-topalovic","tag-totti","tag-ultima"],"share_on_mastodon":{"url":"https:\/\/pubeurope.com\/@it\/116630646068885399","error":""},"_links":{"self":[{"href":"https:\/\/www.europesays.com\/it\/wp-json\/wp\/v2\/posts\/506276","targetHints":{"allow":["GET"]}}],"collection":[{"href":"https:\/\/www.europesays.com\/it\/wp-json\/wp\/v2\/posts"}],"about":[{"href":"https:\/\/www.europesays.com\/it\/wp-json\/wp\/v2\/types\/post"}],"author":[{"embeddable":true,"href":"https:\/\/www.europesays.com\/it\/wp-json\/wp\/v2\/users\/3"}],"replies":[{"embeddable":true,"href":"https:\/\/www.europesays.com\/it\/wp-json\/wp\/v2\/comments?post=506276"}],"version-history":[{"count":0,"href":"https:\/\/www.europesays.com\/it\/wp-json\/wp\/v2\/posts\/506276\/revisions"}],"wp:featuredmedia":[{"embeddable":true,"href":"https:\/\/www.europesays.com\/it\/wp-json\/wp\/v2\/media\/506277"}],"wp:attachment":[{"href":"https:\/\/www.europesays.com\/it\/wp-json\/wp\/v2\/media?parent=506276"}],"wp:term":[{"taxonomy":"category","embeddable":true,"href":"https:\/\/www.europesays.com\/it\/wp-json\/wp\/v2\/categories?post=506276"},{"taxonomy":"post_tag","embeddable":true,"href":"https:\/\/www.europesays.com\/it\/wp-json\/wp\/v2\/tags?post=506276"}],"curies":[{"name":"wp","href":"https:\/\/api.w.org\/{rel}","templated":true}]}}