{"id":506280,"date":"2026-05-24T17:09:18","date_gmt":"2026-05-24T17:09:18","guid":{"rendered":"https:\/\/www.europesays.com\/it\/506280\/"},"modified":"2026-05-24T17:09:18","modified_gmt":"2026-05-24T17:09:18","slug":"i-cesaroni-mediaset-cambia-ancora-strategia-chiude-in-anticipo-con-due-puntate-insieme-e-la-nuova-stagione-e-in-bilico","status":"publish","type":"post","link":"https:\/\/www.europesays.com\/it\/506280\/","title":{"rendered":"I Cesaroni, Mediaset cambia ancora strategia? \u00abChiude in anticipo con due puntate insieme\u00bb. E la nuova stagione \u00e8 in bilico"},"content":{"rendered":"<p>&#13;<br \/>\n                               &#13;<br \/>\n                                                &#13;<br \/>\n                &#13;<\/p>\n<p>Doccia fredda per i fan dei Cesaroni, che dopo gli sviluppi di trama gi\u00e0 sognavano il ritorno di Eva (Alessandra Mastronardi) per la seconda stagione del sequel della storica serie tv di Canale 5. La fiction sta infatti ottenendo risultati molto inferiori alle aspettative iniziali: gi\u00e0 nelle scorse settimane si era deciso di allungarne la durata (e di evitare che finisse a tardo orario)\u00a0trasmettendo solo un episodio a settimana, ma i dati sugli ascolti potrebbero portare Mediaset a cambiare di nuovo strategia.<\/p>\n<p>&#13;<br \/>\n&#13;<\/p>\n<p>Secondo quanto scrive TvBlog.it infatti\u00a0il 1\u00b0 giugno Mediaset dovrebbe\u00a0programmare gli ultimi due episodi in un\u2019unica serata, chiudendo cos\u00ec la stagione con un accorpamento finale. Una scelta che permetterebbe alla rete di archiviare prima la programmazione della serie e di riorganizzare la prima serata delle settimane successive.\u00a0Il prossimo episodio andr\u00e0 invece regolarmente in onda luned\u00ec 25 maggio, ancora una volta con una sola puntata a settimana.\u00a0<\/p>\n<p>&#13;<br \/>\n&#13;<br \/>\n<strong>Gli ascolti e il passaggio su Netflix<\/strong>&#13;<br \/>\n&#13;<\/p>\n<p>Gli ascolti non hanno fatto sognare i vertici della tv del Biscione: se la prima puntata (13 aprile) aveva totalizzato quasi 3,5 milioni di telespettatori con il 22,6% di share, gi\u00e0 dalla settimana successiva il calo \u00e8 stato netto. Il 20 aprile la serie \u00e8 scesa a 2.301.000 spettatori con il 16,9% di share, perdendo oltre un milione di persone rispetto all\u2019esordio. La terza puntata ha confermato la frenata, con 2.140.000 spettatori e il 15,2% di share. <\/p>\n<p>Nelle settimane successive la scelta di ridurre a un solo episodio (con prima Benvenuti al Sud e poi Benvenuti al Nord in seconda serata) aveva inizialmente riportato il pubblico a 2.730.000 spettatori con il 15,6% di share, ma non \u00e8 bastata a invertire davvero la tendenza. L\u201911 maggio la serie \u00e8 scesa a 2.470.000 spettatori con il 14,5%, mentre il 18 maggio ha toccato 2.164.000 spettatori con il 13% di share.&#13;<br \/>\n&#13;<\/p>\n<p>Sempre secondo TvBlog, subito dopo la fine della messa in onda su Canale 5, tutte le puntate de I Cesaroni \u2013 Il ritorno <strong>dovrebbero essere disponibili su <a href=\"https:\/\/www.leggo.it\/t\/netflix\" rel=\"nofollow noopener\" target=\"_blank\">Netflix<\/a><\/strong>, piattaforma su cui sono gi\u00e0 presenti le stagioni precedenti. Si tratterebbe di una scelta particolare, perch\u00e9 di solito tra la conclusione televisiva e l\u2019arrivo in streaming trascorre pi\u00f9 tempo. In questo caso, invece, il passaggio rapido su Netflix potrebbe offrire alla serie una seconda possibilit\u00e0: intercettare il pubblico che non l\u2019ha seguita in diretta, anche a causa dell\u2019orario giudicato troppo tardivo da molti fan. Il futuro resta quindi aperto. Gli ascolti della messa in onda televisiva pesano, ma il rendimento in streaming potrebbe diventare un ulteriore elemento per capire se la famiglia Cesaroni avr\u00e0 ancora spazio dopo questa stagione del ritorno. Con il rischio che una nuova stagione, dopo la tanta attesa e le difficolt\u00e0 per partorire questa,\u00a0possa non trovare mai la luce.<\/p>\n<p>                                &#13;<br \/>\n                &#13;<br \/>\n&#13;<br \/>\n                Ultimo aggiornamento: domenica 24 maggio 2026, 18:44&#13;<br \/>\n                <br \/>&#13;<br \/>\n                &#13;<br \/>\n                  &#13;<br \/>\n                    &#13;<br \/>\n                        \u00a9 RIPRODUZIONE RISERVATA&#13;<\/p>\n<p>&#13;<\/p>\n<p>                    &#13;<\/p>\n","protected":false},"excerpt":{"rendered":"&#13; &#13; &#13; &#13; Doccia fredda per i fan dei Cesaroni, che dopo gli sviluppi di trama gi\u00e0&hellip;\n","protected":false},"author":3,"featured_media":506281,"comment_status":"","ping_status":"","sticky":false,"template":"","format":"standard","meta":{"footnotes":"","_share_on_mastodon":"0"},"categories":[1444],"tags":[29573,203,204,1537,90,89,253],"class_list":["post-506280","post","type-post","status-publish","format-standard","has-post-thumbnail","category-tv","tag-cesaroni","tag-entertainment","tag-intrattenimento","tag-it","tag-italia","tag-italy","tag-tv"],"share_on_mastodon":{"url":"https:\/\/pubeurope.com\/@it\/116630662444707667","error":""},"_links":{"self":[{"href":"https:\/\/www.europesays.com\/it\/wp-json\/wp\/v2\/posts\/506280","targetHints":{"allow":["GET"]}}],"collection":[{"href":"https:\/\/www.europesays.com\/it\/wp-json\/wp\/v2\/posts"}],"about":[{"href":"https:\/\/www.europesays.com\/it\/wp-json\/wp\/v2\/types\/post"}],"author":[{"embeddable":true,"href":"https:\/\/www.europesays.com\/it\/wp-json\/wp\/v2\/users\/3"}],"replies":[{"embeddable":true,"href":"https:\/\/www.europesays.com\/it\/wp-json\/wp\/v2\/comments?post=506280"}],"version-history":[{"count":0,"href":"https:\/\/www.europesays.com\/it\/wp-json\/wp\/v2\/posts\/506280\/revisions"}],"wp:featuredmedia":[{"embeddable":true,"href":"https:\/\/www.europesays.com\/it\/wp-json\/wp\/v2\/media\/506281"}],"wp:attachment":[{"href":"https:\/\/www.europesays.com\/it\/wp-json\/wp\/v2\/media?parent=506280"}],"wp:term":[{"taxonomy":"category","embeddable":true,"href":"https:\/\/www.europesays.com\/it\/wp-json\/wp\/v2\/categories?post=506280"},{"taxonomy":"post_tag","embeddable":true,"href":"https:\/\/www.europesays.com\/it\/wp-json\/wp\/v2\/tags?post=506280"}],"curies":[{"name":"wp","href":"https:\/\/api.w.org\/{rel}","templated":true}]}}