{"id":506651,"date":"2026-05-24T23:11:13","date_gmt":"2026-05-24T23:11:13","guid":{"rendered":"https:\/\/www.europesays.com\/it\/506651\/"},"modified":"2026-05-24T23:11:13","modified_gmt":"2026-05-24T23:11:13","slug":"como-fabregas-champions-traguardo-incredibile-con-una-squadra-giovanissima","status":"publish","type":"post","link":"https:\/\/www.europesays.com\/it\/506651\/","title":{"rendered":"Como, Fabregas: &#8220;Champions traguardo incredibile con una squadra giovanissima&#8221;"},"content":{"rendered":"<p>                                Lo spagnolo dopo il quarto posto conquistato. &#8220;Ho dovuto prendere moltissime decisioni. Il presidente mi ha dato le chiavi e ho preso tante scelte.\u00a0\u00c8 come andare all\u2019universit\u00e0 tutti i giorni. Sono felice di quello che abbiamo raggiunto\u201d<\/p>\n<p class=\"paragraph\" spellcheck=\"true\">Cesc Fabregas \u00e8 felice. Arriva in zona mista euforico, bagnato dopo la festa in spogliatoio. Il sorriso a 32 denti racconta il percorso fatto e l&#8217;obiettivo raggiunto. <a href=\"https:\/\/www.gazzetta.it\/Calcio\/Serie-A\/Cremonese\/24-05-2026\/cremonese-como-live-risultato-e-gol-in-diretta-serie-a.shtml?intcmp=hyperlink-articolo-gazit\" target=\"_blank\" rel=\"nofollow noopener\">Vincendo a Cremona<\/a> ha raggiunto la Champions con il suo Como. &#8220;Prima della sfida con il Parma avevo detto ai ragazzi che con due vittorie saremmo stati in Champions. Ho fatto vedere alla squadra un\u00a0video di un ciclista che da sesto rimonta e supera gli avversari. L&#8217;obiettivo era prendere esempio da lui e ci siamo riusciti&#8221;.\u00a0<\/p>\n<p>    champions\u2014 \u00a0<\/p>\n<p class=\"paragraph is-inline\" spellcheck=\"true\">E dopo la vittoria con la Cremonese il traguardo \u00e8 realt\u00e0. &#8220;\u00c8 un grandissimo traguardo, conquistato con ragazzi giovani. Tantissimi Under 23. Ho dovuto prendere moltissime decisioni. Il presidente mi ha dato le chiavi e ho preso tante scelte. Quando sono arrivato quattro anni fa da giocatore ci cambiavamo in un bar, oggi siamo in Champions. Oggi parlavo con due fisioterapisti, ci allenavamo senza centro sportivo, in un posto che non ricordo dov\u2019era. Facevamo il massaggio dentro un bar, in un campo. Tutti andavano via alle 12-12.30, non c\u2019era nessuno. E oggi siamo quarti in A. \u00c8 come andare all\u2019universit\u00e0 tutti i giorni. Sono felice di quello che abbiamo raggiunto&#8221;.<\/p>\n<p>    nico paz\u2014 \u00a0<\/p>\n<p class=\"paragraph is-inline\" spellcheck=\"true\">Poi, infine, una battuta su Nico Paz e sul futuro dello spagnolo. &#8220;Lo vedo meglio nelle mani di Mou, perch\u00e9 Jos\u00e9 ha vinto tutto. Ma spero resti con noi. Per me \u00e8 come un figlio. Vedremo cosa succeder\u00e0&#8221;.<\/p>\n","protected":false},"excerpt":{"rendered":"Lo spagnolo dopo il quarto posto conquistato. &#8220;Ho dovuto prendere moltissime decisioni. Il presidente mi ha dato le&hellip;\n","protected":false},"author":3,"featured_media":506652,"comment_status":"","ping_status":"","sticky":false,"template":"","format":"standard","meta":{"footnotes":"","_share_on_mastodon":"0"},"categories":[1452],"tags":[32,280754,280755,12384,280756,721,1969,30699,280757,280758,3344,1277,280759,280760,2245,1740,1537,90,89,8004,4411,1739,245,244,7415],"class_list":["post-506651","post","type-post","status-publish","format-standard","has-post-thumbnail","category-calcio","tag-andare","tag-andare-universita","tag-andare-universita-felice","tag-bar","tag-bar-champions","tag-calcio","tag-champions","tag-chiavi","tag-chiavi-preso","tag-chiavi-preso-tante","tag-conquistato","tag-dato","tag-dato-chiavi","tag-dato-chiavi-preso","tag-felice","tag-football","tag-it","tag-italia","tag-italy","tag-prendere","tag-raggiunto","tag-soccer","tag-sport","tag-sports","tag-traguardo"],"share_on_mastodon":{"url":"https:\/\/pubeurope.com\/@it\/116632085287646119","error":""},"_links":{"self":[{"href":"https:\/\/www.europesays.com\/it\/wp-json\/wp\/v2\/posts\/506651","targetHints":{"allow":["GET"]}}],"collection":[{"href":"https:\/\/www.europesays.com\/it\/wp-json\/wp\/v2\/posts"}],"about":[{"href":"https:\/\/www.europesays.com\/it\/wp-json\/wp\/v2\/types\/post"}],"author":[{"embeddable":true,"href":"https:\/\/www.europesays.com\/it\/wp-json\/wp\/v2\/users\/3"}],"replies":[{"embeddable":true,"href":"https:\/\/www.europesays.com\/it\/wp-json\/wp\/v2\/comments?post=506651"}],"version-history":[{"count":0,"href":"https:\/\/www.europesays.com\/it\/wp-json\/wp\/v2\/posts\/506651\/revisions"}],"wp:featuredmedia":[{"embeddable":true,"href":"https:\/\/www.europesays.com\/it\/wp-json\/wp\/v2\/media\/506652"}],"wp:attachment":[{"href":"https:\/\/www.europesays.com\/it\/wp-json\/wp\/v2\/media?parent=506651"}],"wp:term":[{"taxonomy":"category","embeddable":true,"href":"https:\/\/www.europesays.com\/it\/wp-json\/wp\/v2\/categories?post=506651"},{"taxonomy":"post_tag","embeddable":true,"href":"https:\/\/www.europesays.com\/it\/wp-json\/wp\/v2\/tags?post=506651"}],"curies":[{"name":"wp","href":"https:\/\/api.w.org\/{rel}","templated":true}]}}