{"id":506891,"date":"2026-05-25T03:42:19","date_gmt":"2026-05-25T03:42:19","guid":{"rendered":"https:\/\/www.europesays.com\/it\/506891\/"},"modified":"2026-05-25T03:42:19","modified_gmt":"2026-05-25T03:42:19","slug":"enzo-ricci-eredita-da-400-milioni-donata-da-vivo-al-nipote-il-patrimonio-del-fondatore-di-tre-marie","status":"publish","type":"post","link":"https:\/\/www.europesays.com\/it\/506891\/","title":{"rendered":"Enzo Ricci, eredit\u00e0 da 400 milioni donata da vivo al nipote: il patrimonio del fondatore di Tre Marie"},"content":{"rendered":"<p>A due giorni dal suo 91\u00b0 compleanno, <strong>Enzo Ricci<\/strong> ha fatto il regalo pi\u00f9 grande, ma non a se stesso. Il 30 aprile scorso, il fondatore delle <strong>Tre Marie<\/strong> ha trasferito al nipote <strong>Alessandro<\/strong> un patrimonio colossale: oltre <strong>400 milioni di euro<\/strong> tra immobili, partecipazioni societarie e liquidit\u00e0. Lo racconta il Corriere della Sera.<\/p>\n<p><p>APPROFONDIMENTI<\/p>\n<p>       <a href=\"https:\/\/www.ilmattino.it\/lifestyle\/piaceri\/fabio_fazio_casa_villa_piscina_pesciolini-9551814.html\" title=\"Fabio Fazio, le case tra Liguria, Milano e Parigi: la villa con piscina, 13 camere da letto, l&#039;uliveto e il mistero dei pesciolini\" rel=\"nofollow noopener\" target=\"_blank\"><img loading=\"lazy\" decoding=\"async\" src=\"https:\/\/www.europesays.com\/it\/wp-content\/uploads\/2026\/05\/9551814_24091515_fabio_fazio_case.jpg\" title=\"Fabio Fazio, le case tra Liguria, Milano e Parigi: la villa con piscina, 13 camere da letto, l'uliveto e il mistero dei pesciolini\" width=\"264\" height=\"144\"\/><\/a>          <\/p>\n<p>Niente testamento, niente attese. Ricci ha scelto la donazione in vita, con il vantaggio, non da poco, di guardare in faccia chi riceve.<\/p>\n<p>Cosa comprende il patrimonio <\/p>\n<p>Il cuore dell&#8217;operazione ruota attorno a due holding: Milaninvest Real Estate, che custodisce tra i suoi asset il celebre palazzo di via Montenapoleone 4 (quasi 92 milioni a bilancio, affittato a Dolce &amp; Gabbana), e Viris, veicolo finanziario che detiene il 18,4% di Brioschi Sviluppo Immobiliare, societ\u00e0 quotata in Borsa dal 1914.<\/p>\n<p>Nel pacchetto anche un immobile a Sanremo dove ha sede una filiale Intesa Sanpaolo, appartamenti, negozi e uffici nel centro storico milanese, quote in fondi e startup.<\/p>\n<p>Ricci si \u00e8 riservato l&#8217;usufrutto, ma la propriet\u00e0 \u00e8 ora saldamente nelle mani di Alessandro, 52 anni, suo unico nipote.<\/p>\n<p>La cessione di Tre Marie e gli investimenti <\/p>\n<p>La fortuna ha radici dolci: nel 1987 Enzo vendette le Tre Marie a Pietro Barilla, quando l&#8217;azienda fatturava 140 miliardi di lire con 550 dipendenti. Reinvest\u00ec tutto nel mattone. Il marchio sopravvive diviso tra Sammontana e Galbusera.<\/p>\n<p>Alessandro Ricci, milanese classe 1973, \u00e8 il classico potente invisibile: niente foto sul sito della Fondazione Paletti Ricci di cui \u00e8 vicepresidente, curriculum di cinque righe. Gestisce immobili e idroelettrico. Da oggi, gestisce anche 400 milioni.<\/p>\n","protected":false},"excerpt":{"rendered":"A due giorni dal suo 91\u00b0 compleanno, Enzo Ricci ha fatto il regalo pi\u00f9 grande, ma non a&hellip;\n","protected":false},"author":3,"featured_media":506892,"comment_status":"","ping_status":"","sticky":false,"template":"","format":"standard","meta":{"footnotes":"","_share_on_mastodon":"0"},"categories":[1451],"tags":[1621,1620,203,280075,71532,204,1537,90,89,4812,280840],"class_list":["post-506891","post","type-post","status-publish","format-standard","has-post-thumbnail","category-celebrita","tag-celebrita","tag-celebrities","tag-entertainment","tag-enzo-ricci","tag-eredit","tag-intrattenimento","tag-it","tag-italia","tag-italy","tag-patrimonio","tag-tre-marie"],"share_on_mastodon":{"url":"https:\/\/pubeurope.com\/@it\/116633151281971607","error":""},"_links":{"self":[{"href":"https:\/\/www.europesays.com\/it\/wp-json\/wp\/v2\/posts\/506891","targetHints":{"allow":["GET"]}}],"collection":[{"href":"https:\/\/www.europesays.com\/it\/wp-json\/wp\/v2\/posts"}],"about":[{"href":"https:\/\/www.europesays.com\/it\/wp-json\/wp\/v2\/types\/post"}],"author":[{"embeddable":true,"href":"https:\/\/www.europesays.com\/it\/wp-json\/wp\/v2\/users\/3"}],"replies":[{"embeddable":true,"href":"https:\/\/www.europesays.com\/it\/wp-json\/wp\/v2\/comments?post=506891"}],"version-history":[{"count":0,"href":"https:\/\/www.europesays.com\/it\/wp-json\/wp\/v2\/posts\/506891\/revisions"}],"wp:featuredmedia":[{"embeddable":true,"href":"https:\/\/www.europesays.com\/it\/wp-json\/wp\/v2\/media\/506892"}],"wp:attachment":[{"href":"https:\/\/www.europesays.com\/it\/wp-json\/wp\/v2\/media?parent=506891"}],"wp:term":[{"taxonomy":"category","embeddable":true,"href":"https:\/\/www.europesays.com\/it\/wp-json\/wp\/v2\/categories?post=506891"},{"taxonomy":"post_tag","embeddable":true,"href":"https:\/\/www.europesays.com\/it\/wp-json\/wp\/v2\/tags?post=506891"}],"curies":[{"name":"wp","href":"https:\/\/api.w.org\/{rel}","templated":true}]}}