{"id":506901,"date":"2026-05-25T03:55:15","date_gmt":"2026-05-25T03:55:15","guid":{"rendered":"https:\/\/www.europesays.com\/it\/506901\/"},"modified":"2026-05-25T03:55:15","modified_gmt":"2026-05-25T03:55:15","slug":"affluenza-alle-23-crolla-al-4128-i-dati-in-diretta-delle-elezioni-comunali-2026-in-emilia-romagna","status":"publish","type":"post","link":"https:\/\/www.europesays.com\/it\/506901\/","title":{"rendered":"Affluenza alle 23 crolla al 41,28%. I dati in diretta delle\u00a0elezioni comunali 2026 in Emilia-Romagna"},"content":{"rendered":"<p>Bologna, 24 maggio 2026 \u2013 <strong>Prima giornata<\/strong> di votazioni in netto calo rispetto all\u2019<strong>affluenza <\/strong>alle elezioni comunali (anche rispetto alle vicine <strong><a rel=\"follow nofollow noopener\" href=\"https:\/\/www.ilrestodelcarlino.it\/marche\/politica\/affluenza-marche-elezioni-comunali-2026-sindaci-c3142054\" target=\"_blank\">Marche<\/a><\/strong>) in cui <strong>208.500 gli elettori dell\u2019Emilia-Romagna <\/strong>sono chiamati al voto per scegliere il nuovo<strong> sindaco <\/strong>e rinnovare il consiglio del loro Comune di residenza. In modo inatteso, la percentuale degli emiliano romagnoli che si sono gi\u00e0 recati alle urne \u00e8 <strong>inferiore alla media nazionale di 3 punti<\/strong>.<\/p>\n<p>Il fattore <strong>affluenza<\/strong>, rilevato da\u00a0<a rel=\"nofollow noopener\" href=\"https:\/\/elezioni.interno.gov.it\/risultati\/20260524\/comunali\/votanti\/primoturno\/italia\" target=\"_blank\">Eligendo<\/a>,\u00a0\u00e8 primo elemento che aiuta a \u2018leggere\u2019 questa tornata elettorale:\u00a0 le\u00a0prossime rilevazioni sono previste alle 23 di oggi\u00a0e il dato definitivo alla chiusura dei seggi, alle 15 di luned\u00ec 25 maggio.\u00a0Nella <strong>tornata del 2022<\/strong>, l&#8217;affluenza\u00a0definitiva in regione fu del\u00a052,53%.\u00a0<\/p>\n<p>Questo fine settimana sono in tutto <strong>16 le amministrazioni<\/strong> che verranno scelti in questa tornata elettorale: 5 i Comuni con pi\u00f9 di 15mila abitanti che rischiano di tornare alle urne per il ballottaggio domenica 7 e luned\u00ec 8 giugno.\u00a0<\/p>\n<p> <img alt=\"Affluenza alle 23 crolla al 41,28%. I dati in diretta delle elezioni comunali 2026 in Emilia-Romagna\" loading=\"lazy\" width=\"762\" height=\"429\" decoding=\"async\" data-nimg=\"1\" style=\"color:transparent\"  src=\"https:\/\/www.europesays.com\/it\/wp-content\/uploads\/2026\/05\/1779681315_889_xaatf6c.jpeg\"\/> <\/p>\n<p>Alle 23 il dato regionale dell\u2019affluenza si ferma al <strong>41,28%<\/strong>, oltre il 10% in meno rispetto alle precedenti consultazioni, ma soprattutto di ben <strong>cinque punti al di sotto della media nazionale<\/strong>, dato assolutamente anomalo per la Regione che di solito \u00e8 in testa alla partecipazione.\u00a0A <strong>Imola<\/strong> alle 23 ha votato il 41,7% (-10,9%) a <strong>Faenza<\/strong> il 44,2% (-10,2%) a <strong>Comacchio<\/strong> il 31,2% (-7,5%). Ancora pi\u00f9 netto il calo dei votanti a <strong>Cervia<\/strong>, dove ci sono le elezioni anticipate perch\u00e9 il sindaco si \u00e8 dimesso per un&#8217;inchiesta per maltrattamenti in famiglia: alle 23 \u00e8 andato alle urne il 36,4% dell&#8217;elettorato, ben 18 punti in meno rispetto alle precedenti. A <strong>Vignola<\/strong> ha votato il 45,30%.<\/p>\n<p>Alle 19 \u00e8 ancora pi\u00f9 evidente il crollo della partecipazione a <strong>Imola<\/strong>: qui infatti ha votato il 31,9% (contro il 43,05% della precedente tornata elettorale alla stessa ora), il che significa un <strong>crollo di 11 punti <\/strong>percentuali.<\/p>\n<p>In provincia di Ravenna: a <strong>Cervia <\/strong>ha votato il 27,63% (contro il 36,74%) e a <strong>Faenza <\/strong>il 33,01 (contro il 43,76%): un calo del 10%.<\/p>\n<p>In provincia di Ferrara: a <strong>Comacchio <\/strong>ha votato il 23,79% (nelle precedenti elezioni vot\u00f2 il 29,68%, segnando quindi un calo di 6 punti percentuali) e a Bondeno il 32,80% (contro il 42,13%).<\/p>\n<p>In provincia di Modena, a <strong>Vignola <\/strong>ha votato il 33,74% (contro il 43,81 delle passate elezioni) e a Montese il 39,3%.<\/p>\n<p>A <strong>livello regionale<\/strong>, dunque, la percentuale di voto si \u00e8 fermata al<strong> 31,25%<\/strong>, rispetto al 40,46% raggiunto alla stessa ora delle precedenti elezioni comunali. La <strong>media nazionale <\/strong>\u00e8 del\u00a034,50%.<\/p>\n<p>Alle 12 l\u2019affluenza nei comuni principali chiamati al voto \u00e8 la seguente: <strong>Imola <\/strong>(Bologna) al 14,80%, <strong>Faenza <\/strong>(Ravenna) al 15,12%, <strong>Vignola <\/strong>(Modena) al 15,09%, <strong>Cervia <\/strong>(Ravenna) al 13,98%, <strong>Comacchio <\/strong>(Ferrara) all\u201911,59%.<\/p>\n<p>Flessione del 4,5% a Imola e Faenza, ancora pi\u00f9 marcato l&#8217;astensionismo a Cervia: il calo \u00e8 di 7 punti percentuali.<\/p>\n<p>A livello <strong>regionale<\/strong>, il dato delle 12 si attesta al 14,65%, in calo di quattro punti percentuali rispetto alle precedenti elezioni, che nella maggioranza dei casi si svolsero nel 2020 in pieno periodo del Covid e in contemporanea con il referendum per la riduzione dei parlamentari.<\/p>\n<p>L\u2019affluenza di mezzogiorno registrata complessivamente in <strong>Italia <\/strong>\u00e8 del 14,74%.<\/p>\n<p>I centri maggiori sono quelli di <a rel=\"follow nofollow noopener\" href=\"https:\/\/www.ilrestodelcarlino.it\/imola\/politica\/comunali-2026-ultimo-dibattito-candidati-hulmsqhv\" target=\"_blank\"><strong>Imola<\/strong><\/a> (56mila elettori), <strong><a rel=\"follow nofollow noopener\" href=\"https:\/\/www.ilrestodelcarlino.it\/ravenna\/politica\/confronto-candidati-sindaco-faenza-kn8n95cr\" target=\"_blank\">Faenza<\/a><\/strong> (47mila), <strong>Cervia<\/strong> (24mila, dove ci sono elezioni anticipate per le dimissioni del sindaco) e poi <strong>Comacchio<\/strong> e <strong>Vignola<\/strong> con poco meno di 20mila votanti. In tutti questi centri, se un candidato non otterr\u00e0 la maggioranza assoluta dei voti (ossia il 50% + 1), si torner\u00e0 alle urne per il ballottaggio: i 2 candidati pi\u00f9 votati si sfideranno in un faccia a faccia il 7-8 giugno.\u00a0Al secondo turno viene eletto il candidato che raccoglie il maggior numero di voti.<\/p>\n<p>A questi si aggiungono 11 Comuni con popolazione inferiore ai 15mila abitanti: <strong>Bondeno<\/strong> (Fe) con 13.872 elettori, <strong>Verghereto<\/strong> (Fc) con 1.763 elettori, <strong>Montese<\/strong> (Mo) 3.222 aventi diritto, <strong>Palanzano<\/strong>\u00a0con 1.051 e <strong>Pellegrino Parmense<\/strong> (Pr) con 962 elettori, <strong>Ferriere<\/strong>\u00a0con 1.116 e <strong>Pontenure<\/strong>\u00a0con 6.511 elettori (Pc), <strong>Canossa<\/strong>\u00a0con 3.708 aventi diritto e <strong>Luzzara<\/strong>\u00a0con 8.402 elettori (Re), <strong>Mondaino<\/strong>\u00a0con 1.319 e <strong>Morciano<\/strong> di Romagna 7.139 elettori (Rn).\u00a0<\/p>\n<p>Agli elettori viene consegnata <strong>una sola scheda<\/strong>, di colore azzurro, nella quale si trovano i <strong>nomi<\/strong>\u00a0dei candidati alla carica di sindaco (il cui ordine \u00e8 stato estratto a sorte)\u00a0e, sotto ciascuno di essi, il <strong>simbolo<\/strong> o i simboli delle liste che lo appoggiano.\u00a0<strong>Tre<\/strong> sono le possibilit\u00e0 di voto:<\/p>\n<ul>\n<li>Si pu\u00f2 tracciare un segno <strong>solo sul simbolo<\/strong> di una lista, assegnando in tal modo la propria preferenza alla lista contrassegnata e al candidato sindaco da quest&#8217;ultima appoggiato.<\/li>\n<li>Si pu\u00f2 tracciare un segno solo sul <strong>nome<\/strong> del candidato sindaco, votando cos\u00ec solo per il candidato Sindaco e non per la lista o le liste a quest&#8217;ultimo collegate.<\/li>\n<li>Si pu\u00f2 tracciare un segno sul <strong>simbolo<\/strong> di una lista, tracciando contestualmente un segno sul <strong>nome<\/strong> di un candidato sindaco non collegato alla lista votata: cos\u00ec facendo si ottiene il cosiddetto \u2018<strong>voto disgiunto<\/strong>\u2019.<\/li>\n<\/ul>\n<p>Ogni elettore esprimere, nelle apposite righe affiancate al simbolo della lista, uno o due voti di preferenza, scrivendo il cognome di non pi\u00f9 di due candidati compresi nella lista da lui votata. Nel caso di espressione di due preferenze, esse devono riguardare <strong>candidati di sesso diverso<\/strong> della stessa lista, pena <strong>l\u2019annullamento<\/strong> della seconda preferenza.<\/p>\n<p> <img alt=\"Sono 16 i nuovi sindaci che usciranno da questa tornata elettorale: ma in alcuni Comuni potrebbe essere necessario anche il ballottaggio\" loading=\"lazy\" width=\"1812\" height=\"1378\" decoding=\"async\" data-nimg=\"1\" style=\"color:transparent;max-width:100%;height:auto\"   src=\"https:\/\/www.europesays.com\/it\/wp-content\/uploads\/2026\/05\/sono-16-i-nuovi-sindaci-che-usciranno-da-questa-tornata-elettorale-ma-in-alcuni-comuni-potrebbe-esse.webp\"\/><\/p>\n<p>Sono 16 i nuovi sindaci che usciranno da questa tornata elettorale: ma in alcuni Comuni potrebbe essere necessario anche il ballottaggio<\/p>\n<p>Il voto si esprime tracciando un segno sul contrassegno della lista o sul nominativo del candidato sindaco.\u00a0<strong>Non \u00e8 possibile il voto disgiunto<\/strong>: i\u00a0voti conseguiti dal candidato alla carica di sindaco sono attribuiti alla lista ad esso collegata.<\/p>\n<p>Per i comuni <strong>inferiori ai 5.000 abitanti<\/strong> si pu\u00f2 esprimere la preferenza per un candidato al consiglio comunale, scrivendo il cognome nella apposita riga affiancata al simbolo della lista.<\/p>\n<p>Per i comuni <strong>compresi tra 5.000 e 15.000<\/strong>, si possono esprimere una o due preferenze per i candidati al consiglio comunale. Nel caso siano due, esse devono riguardare candidati di sesso diverso della stessa lista, pena l&#8217;annullamento della seconda preferenza.<\/p>\n<p>Viene eletto sindaco il candidato che ottiene il maggior numero di voti,\u00a0non \u00e8 previsto il ballottaggio tranne in un unico caso:\u00a0se c\u2019\u00e8 <strong>perfetta\u00a0parit\u00e0 di voti<\/strong> tra due candidati.<\/p>\n","protected":false},"excerpt":{"rendered":"Bologna, 24 maggio 2026 \u2013 Prima giornata di votazioni in netto calo rispetto all\u2019affluenza alle elezioni comunali (anche&hellip;\n","protected":false},"author":3,"featured_media":506902,"comment_status":"","ping_status":"","sticky":false,"template":"","format":"standard","meta":{"footnotes":"","_share_on_mastodon":"0"},"categories":[6],"tags":[23071,75996,33866,14,728,5631,123,28089,8,1537,90,89,7,15,82,9,83,10,13,11,80,84,12,81,85],"class_list":["post-506901","post","type-post","status-publish","format-standard","has-post-thumbnail","category-ultime-notizie","tag-affluenza","tag-comunali","tag-crolla","tag-cronaca","tag-dati","tag-diretta","tag-elezioni","tag-emiliaromagna","tag-headlines","tag-it","tag-italia","tag-italy","tag-news","tag-notizie","tag-notizie-di-cronaca","tag-notizie-principali","tag-notiziedicronaca","tag-notizieprincipali","tag-titoli","tag-ultime-notizie","tag-ultime-notizie-di-cronaca","tag-ultime-notizie-e-news-di-oggi","tag-ultimenotizie","tag-ultimenotiziedicronaca","tag-ultimenotizieenewsdioggi"],"share_on_mastodon":{"url":"https:\/\/pubeurope.com\/@it\/116633202467599483","error":""},"_links":{"self":[{"href":"https:\/\/www.europesays.com\/it\/wp-json\/wp\/v2\/posts\/506901","targetHints":{"allow":["GET"]}}],"collection":[{"href":"https:\/\/www.europesays.com\/it\/wp-json\/wp\/v2\/posts"}],"about":[{"href":"https:\/\/www.europesays.com\/it\/wp-json\/wp\/v2\/types\/post"}],"author":[{"embeddable":true,"href":"https:\/\/www.europesays.com\/it\/wp-json\/wp\/v2\/users\/3"}],"replies":[{"embeddable":true,"href":"https:\/\/www.europesays.com\/it\/wp-json\/wp\/v2\/comments?post=506901"}],"version-history":[{"count":0,"href":"https:\/\/www.europesays.com\/it\/wp-json\/wp\/v2\/posts\/506901\/revisions"}],"wp:featuredmedia":[{"embeddable":true,"href":"https:\/\/www.europesays.com\/it\/wp-json\/wp\/v2\/media\/506902"}],"wp:attachment":[{"href":"https:\/\/www.europesays.com\/it\/wp-json\/wp\/v2\/media?parent=506901"}],"wp:term":[{"taxonomy":"category","embeddable":true,"href":"https:\/\/www.europesays.com\/it\/wp-json\/wp\/v2\/categories?post=506901"},{"taxonomy":"post_tag","embeddable":true,"href":"https:\/\/www.europesays.com\/it\/wp-json\/wp\/v2\/tags?post=506901"}],"curies":[{"name":"wp","href":"https:\/\/api.w.org\/{rel}","templated":true}]}}