{"id":506988,"date":"2026-05-25T05:31:17","date_gmt":"2026-05-25T05:31:17","guid":{"rendered":"https:\/\/www.europesays.com\/it\/506988\/"},"modified":"2026-05-25T05:31:17","modified_gmt":"2026-05-25T05:31:17","slug":"appartamento-piccolo-i-trucchi-degli-architetti-in-7-mini-case-a-parigi","status":"publish","type":"post","link":"https:\/\/www.europesays.com\/it\/506988\/","title":{"rendered":"Appartamento piccolo, i trucchi degli architetti in 7 mini case a Parigi"},"content":{"rendered":"<p><strong>L\u2019ispirazione? La potting room inglese<\/strong><\/p>\n<p>Sotto il lucernario in cucina, un verde con riflessi forestali \u00e0ncora la stanza al suo ambiente, aprendola al \u201cgiardino\u201d del cortile interno. Di fronte alla cucina, la potting room, ispirata alle stanze del giardinaggio britannico, trasforma oggetti di uso quotidiano (spazzole, annaffiatoi, guanti, ecc.) in elementi decorativi su uno sfondo giallo intenso, rafforzando ulteriormente il legame con le piante. \u201cIn questo appartamento\u201d, spiega la interior designer, \u201cho giocato con contrasti controllati: verdi profondi, tocchi di <a href=\"https:\/\/www.ad-italia.it\/gallery\/casa-rustica-colore-giallo\/\" target=\"_blank\" rel=\"nofollow noopener\">giallo<\/a> e sorprese all\u2019interno di alcuni armadi\u201d, come il rosa antico nella credenza della <a href=\"https:\/\/www.ad-italia.it\/article\/sala-da-pranzo-moderna-2026-tendenze-consigli\/\" target=\"_blank\" rel=\"nofollow noopener\">sala da pranzo<\/a>, un cenno all\u2019umorismo <a href=\"https:\/\/www.ad-italia.it\/article\/stile-british-come-inserirlo-in-casa-appartamento-in-polonia\/\" target=\"_blank\" rel=\"nofollow noopener\">british<\/a>, famoso per la sua spontaneit\u00e0 e malizia. E conclude: \u201cSoprattutto, questo progetto dimostra che un <a href=\"https:\/\/www.ad-italia.it\/article\/piccolo-spazio-parigi-28-m2-rinuncia-armadi-estetica\/\" target=\"_blank\" rel=\"nofollow noopener\">piccolo spazio<\/a> pu\u00f2 diventare un luogo molto ricco, a patto di lavorare su ogni dettaglio con precisione\u201d.<\/p>\n<p>Una visione \u201carchitettonica\u201d: collegare tutti gli spazi<\/p>\n<p>Per il suo primo acquisto, il proprietario di questo piccolo spazio a Parigi ha puntato su un edificio degli <a href=\"https:\/\/www.ad-italia.it\/article\/appartamento-legnano-ristrutturazione-anni-70-hoparch\/\" target=\"_blank\" rel=\"nofollow noopener\">anni \u201970<\/a> nel X arrondissement: un grande salone in legno e <a href=\"https:\/\/www.ad-italia.it\/article\/cucina-marmo-verde-alpi-casa-arredamento\/\" target=\"_blank\" rel=\"nofollow noopener\">marmo verde<\/a>, trafitto da aperture ovoidali, costeggiato da una <a href=\"https:\/\/www.ad-italia.it\/article\/villa-dubai-scala-scultorea-grounded-estates-jumeirah-golf-estates\/\" target=\"_blank\" rel=\"nofollow noopener\">scala scultorea<\/a>&#8230; E, soprattutto, con <strong>una vista aperta sul cielo<\/strong>.<\/p>\n<p><strong>Aprire gli spazi e integrare tutte le funzioni necessarie in una superficie di 28m2<\/strong><\/p>\n<p>Questa caratteristica, cos\u00ec rara in citt\u00e0 da meritare una menzione, ha spinto il <strong>duo dello studio \u014dno<\/strong> ad aprire il pi\u00f9 possibile lo spazio, per far entrare la luce in ogni angolo. \u201cSi trattava di integrare tutte le funzioni in uno studio di <a href=\"https:\/\/www.ad-italia.it\/article\/piccolo-appartamento-a-parigi-di-soli-28-m2-design\/\" target=\"_blank\" rel=\"nofollow noopener\">28 m2<\/a> completamente aperto\u201d, spiegano. <strong>Formatisi come architetti, Emma Collet e Thomas Diettert adottano un approccio strutturale agli interni che progettano<\/strong>.<\/p>\n<p><img decoding=\"async\" alt=\"piccolo spazio a Parigi di 28 m2 cemento cerato beige monolocale zona pranzo con tavolo e panca in cemento su misura...\" loading=\"lazy\" class=\"ResponsiveImageContainer-dkeESL cQPiWi responsive-image__image\"   src=\"https:\/\/www.europesays.com\/it\/wp-content\/uploads\/2025\/12\/ONO-01.jpg\"\/><\/p>\n<p>La sala da pranzo e il letto sono separati da una parete bassa e da una tenda. Sedia Olavi Hanninen (anni &#8217;60, Galerie Paradis), tavolo (Kave Home), lenzuola Haomy, tende, cuscini e runner da tavola, lampade da parete Zangra, sospensione (Tikamoon), sgabello, paravento pieghevole e oggetti vintage.<\/p>\n<p>Thomas Diettert<img decoding=\"async\" alt=\"piccolo spazio a Parigi di 28 m2 cemento cerato beige monolocale zona sedia cucina separata dalla zona letto\" loading=\"lazy\" class=\"ResponsiveImageContainer-dkeESL cQPiWi responsive-image__image\"   src=\"https:\/\/www.europesays.com\/it\/wp-content\/uploads\/2025\/12\/ONO-11.jpg\"\/><\/p>\n<p>La disposizione &#8220;architettonica&#8221; dell&#8217;appartamento collega ogni spazio in modo flessibile ma strutturato. Sedia Olavi Hanninen (anni &#8217;60, Galerie Paradis), lampada Daphine Terra (Tommaso Cimini), applique Zangra, sgabello, schermo pieghevole e oggetti vintage.<\/p>\n<p>Thomas Diettert<\/p>\n","protected":false},"excerpt":{"rendered":"L\u2019ispirazione? La potting room inglese Sotto il lucernario in cucina, un verde con riflessi forestali \u00e0ncora la stanza&hellip;\n","protected":false},"author":3,"featured_media":506989,"comment_status":"","ping_status":"","sticky":false,"template":"","format":"standard","meta":{"footnotes":"","_share_on_mastodon":"0"},"categories":[1446],"tags":[1615,1613,1614,1611,1610,1612,203,16916,204,1537,90,89,26257],"class_list":["post-506988","post","type-post","status-publish","format-standard","has-post-thumbnail","category-arte-e-design","tag-arte","tag-arte-e-design","tag-arteedesign","tag-arts","tag-arts-and-design","tag-design","tag-entertainment","tag-how-to","tag-intrattenimento","tag-it","tag-italia","tag-italy","tag-piccoli-spazi"],"share_on_mastodon":{"url":"https:\/\/pubeurope.com\/@it\/116633579535524423","error":""},"_links":{"self":[{"href":"https:\/\/www.europesays.com\/it\/wp-json\/wp\/v2\/posts\/506988","targetHints":{"allow":["GET"]}}],"collection":[{"href":"https:\/\/www.europesays.com\/it\/wp-json\/wp\/v2\/posts"}],"about":[{"href":"https:\/\/www.europesays.com\/it\/wp-json\/wp\/v2\/types\/post"}],"author":[{"embeddable":true,"href":"https:\/\/www.europesays.com\/it\/wp-json\/wp\/v2\/users\/3"}],"replies":[{"embeddable":true,"href":"https:\/\/www.europesays.com\/it\/wp-json\/wp\/v2\/comments?post=506988"}],"version-history":[{"count":0,"href":"https:\/\/www.europesays.com\/it\/wp-json\/wp\/v2\/posts\/506988\/revisions"}],"wp:featuredmedia":[{"embeddable":true,"href":"https:\/\/www.europesays.com\/it\/wp-json\/wp\/v2\/media\/506989"}],"wp:attachment":[{"href":"https:\/\/www.europesays.com\/it\/wp-json\/wp\/v2\/media?parent=506988"}],"wp:term":[{"taxonomy":"category","embeddable":true,"href":"https:\/\/www.europesays.com\/it\/wp-json\/wp\/v2\/categories?post=506988"},{"taxonomy":"post_tag","embeddable":true,"href":"https:\/\/www.europesays.com\/it\/wp-json\/wp\/v2\/tags?post=506988"}],"curies":[{"name":"wp","href":"https:\/\/api.w.org\/{rel}","templated":true}]}}