{"id":507059,"date":"2026-05-25T06:50:16","date_gmt":"2026-05-25T06:50:16","guid":{"rendered":"https:\/\/www.europesays.com\/it\/507059\/"},"modified":"2026-05-25T06:50:16","modified_gmt":"2026-05-25T06:50:16","slug":"milan-cardinale-sceglie-via-furlani-tare-e-moncada-decisione-su-allegri","status":"publish","type":"post","link":"https:\/\/www.europesays.com\/it\/507059\/","title":{"rendered":"Milan, Cardinale sceglie: via Furlani, Tare e Moncada. Decisione su Allegri"},"content":{"rendered":"<p>                                La sconfitta con il Cagliari e il mancato accesso in Champions porta alla rivoluzione immediata del management rossonero<\/p>\n<p>            <a class=\"image is-50x50\" href=\"https:\/\/www.gazzetta.it\/redazione\/alessandra-gozzini\/\" rel=\"nofollow noopener\" target=\"_blank\"><br \/>\n                <img decoding=\"async\" class=\"is-rounded\" src=\"https:\/\/www.europesays.com\/it\/wp-content\/uploads\/2026\/04\/alessandra-gozzini_avatar.png\" alt=\"Alessandra Gozzini\"\/><br \/>\n            <\/a><\/p>\n<p>Giornalista<\/p>\n<p>                    25 maggio &#8211; 07:37  &#8211; MILANO<\/p>\n<p class=\"paragraph\" spellcheck=\"true\">Rivoluzione totale: se Cardinale dar\u00e0 seguito a quanto dichiarato, le valutazioni finali saranno pesantemente insufficienti. Per tutti. Unica, possibile, conseguenza: un cambiamento radicale. Le guerre interne e i rimpalli di responsabilit\u00e0 delle ultime settimane hanno prodotto un disastro. In pubblico gli appelli all\u2019unit\u00e0, dentro una serie di fazioni divise e in competizione perenne. Il risultato \u00e8 il Milan di nuovo fuori dalla Champions, per la seconda volta consecutiva. Un disastro tecnico, finanziario e ambientale. La curva ieri non ha avuto piet\u00e0, dopo aver sostenuto la squadra fino al triplice fischio quando Ibrahimovic se ne \u00e8 andato &#8211; scortato \u2013 dagli spalti. Cardinale, ancora in tribuna, ha sentito e osservato prima di lasciare San Siro subito dopo il fischio finale. Il tifo milanista ha chiamato a gran voce un rinnovamento e la squadra senza il minimo segnale di reazione ha confermato la necessit\u00e0 di un cambio radicale. Se prima della partita sembrava che le colpe potessero ricadere solo sull\u2019ad Furlani \u2013 vertice operativo del club \u2013 dopo, giustamente, sono tornati tutti nel mirino.<\/p>\n<p>        FALLIMENTO\u2014 \u00a0<\/p>\n<p class=\"paragraph\" spellcheck=\"true\">Sar\u00e0 Europa League: il verdetto \u00e8 spietato. Ed \u00e8 un fallimento, come lo avevano definito gli stessi protagonisti quando ancora non si era materializzato. Lo spettro \u00e8 diventato realt\u00e0. Il nuovo Milan avr\u00e0 volti nuovi che diventeranno presto familiari anche senza scendere in campo: il rinnovamento infatti coinvolger\u00e0 anche l\u2019organigramma del club per poi proseguire nella rosa. Le sostituzioni inizieranno dall\u2019amministratore delegato? Sembra proprio di s\u00ec. Sulla poltrona attualmente occupata da Giorgio Furlani \u2014 in carica dal dicembre 2022, quando il Milan era passato da qualche mese da Elliott a RedBird \u2014 sieder\u00e0 presto un nuovo amministratore delegato. Via anche il ds Tare, architetto della squadra. E con lui il direttore tecnico Moncada: fuori tutti. In queste ore i loro destini saranno ufficiali. Dalla tarda mattinata di ieri Gerry Cardinale, patron rossonero, era a Milano e non \u00e8 chiaro fin quando rester\u00e0. Prima della partita con il Cagliari aveva pranzato in un hotel di lusso in compagnia del super consulente Ibrahimovic (ieri i tifosi hanno avuto pesantemente da ridire anche su di lui), di Massimo Calvelli (esponente del CdA che potrebbe avere un ruolo prioritario nella riorganizzazione interna) e la Chief officer Brand Montini. In un secondo momento si \u00e8 unito anche il dt Moncada, alleato di Zlatan, altro dirigente contestatissimo. Nessuno si \u00e8 presentato a parlare dopo il disastroso ko con i rossobl\u00f9, nessuna assunzione di responsabilit\u00e0.<\/p>\n<p><a class=\"is-partner-link\" href=\"https:\/\/abbonamenti.gazzetta.it\/doblete-inter-gplus-de-promo\/?pwcmp=cta&amp;forceBrowser=true\" rel=\"nofollow noopener\" target=\"_blank\">Inter Campione d\u2019Italia: abbonati alla Digital Edition + Poster Prima Pagina a 4,99\u20ac\/mese<\/a><\/p>\n<p>    l&#8217;agenda\u2014 \u00a0<\/p>\n<p class=\"paragraph is-inline\" spellcheck=\"true\">Saranno giornate intense e convulse, in cui Cardinale (da Milano o da remoto) prender\u00e0 decisioni definitive che porteranno a stravolgere la struttura interna della societ\u00e0 e della squadra. Anche il ruolo dell\u2019allenatore, primo responsabile della caduta verticale della squadra, \u00e8 fortemente in bilico. Intanto toccher\u00e0 a Tare, artefice di un mercato disastroso, con milioni spesi senza esito. Al dt Moncada. E a Furlani che ha autorizzato le spese.<\/p>\n<p class=\"is-copyright\">\u00a9 RIPRODUZIONE RISERVATA<\/p>\n","protected":false},"excerpt":{"rendered":"La sconfitta con il Cagliari e il mancato accesso in Champions porta alla rivoluzione immediata del management rossonero&hellip;\n","protected":false},"author":3,"featured_media":507060,"comment_status":"","ping_status":"","sticky":false,"template":"","format":"standard","meta":{"footnotes":"","_share_on_mastodon":"0"},"categories":[1452],"tags":[2748,6964,6965,6300,721,843,1969,554,15151,10150,86215,20432,280956,9646,38860,1740,599,46518,10563,1537,90,89,553,28,53893,1290,41344,2895,55003,984,62330,2718,9611,138,1739,245,244,1857,9615,3375],"class_list":["post-507059","post","type-post","status-publish","format-standard","has-post-thumbnail","category-calcio","tag-accesso","tag-amministratore","tag-amministratore-delegato","tag-cagliari","tag-calcio","tag-cardinale","tag-champions","tag-club","tag-delegato","tag-disastro","tag-disastroso","tag-dt","tag-dt-moncada","tag-fallimento","tag-fischio","tag-football","tag-furlani","tag-ibrahimovic","tag-interna","tag-it","tag-italia","tag-italy","tag-milan","tag-milano","tag-moncada","tag-partita","tag-pesantemente","tag-presto","tag-radicale","tag-responsabilita","tag-rinnovamento","tag-rivoluzione","tag-rossonero","tag-ruolo","tag-soccer","tag-sport","tag-sports","tag-squadra","tag-tare","tag-tecnico"],"share_on_mastodon":{"url":"https:\/\/pubeurope.com\/@it\/116633891016156286","error":""},"_links":{"self":[{"href":"https:\/\/www.europesays.com\/it\/wp-json\/wp\/v2\/posts\/507059","targetHints":{"allow":["GET"]}}],"collection":[{"href":"https:\/\/www.europesays.com\/it\/wp-json\/wp\/v2\/posts"}],"about":[{"href":"https:\/\/www.europesays.com\/it\/wp-json\/wp\/v2\/types\/post"}],"author":[{"embeddable":true,"href":"https:\/\/www.europesays.com\/it\/wp-json\/wp\/v2\/users\/3"}],"replies":[{"embeddable":true,"href":"https:\/\/www.europesays.com\/it\/wp-json\/wp\/v2\/comments?post=507059"}],"version-history":[{"count":0,"href":"https:\/\/www.europesays.com\/it\/wp-json\/wp\/v2\/posts\/507059\/revisions"}],"wp:featuredmedia":[{"embeddable":true,"href":"https:\/\/www.europesays.com\/it\/wp-json\/wp\/v2\/media\/507060"}],"wp:attachment":[{"href":"https:\/\/www.europesays.com\/it\/wp-json\/wp\/v2\/media?parent=507059"}],"wp:term":[{"taxonomy":"category","embeddable":true,"href":"https:\/\/www.europesays.com\/it\/wp-json\/wp\/v2\/categories?post=507059"},{"taxonomy":"post_tag","embeddable":true,"href":"https:\/\/www.europesays.com\/it\/wp-json\/wp\/v2\/tags?post=507059"}],"curies":[{"name":"wp","href":"https:\/\/api.w.org\/{rel}","templated":true}]}}