{"id":507159,"date":"2026-05-25T08:23:23","date_gmt":"2026-05-25T08:23:23","guid":{"rendered":"https:\/\/www.europesays.com\/it\/507159\/"},"modified":"2026-05-25T08:23:23","modified_gmt":"2026-05-25T08:23:23","slug":"flotilla-mazzate-di-sanchez-contro-gli-attivisti-e-a-sinistra-sulle-botte-spagnole-cala-il-silenzio-il-tempo","status":"publish","type":"post","link":"https:\/\/www.europesays.com\/it\/507159\/","title":{"rendered":"Flotilla, mazzate di Sanchez contro gli attivisti. E a sinistra sulle botte spagnole cala il silenzio \u2013 Il Tempo"},"content":{"rendered":"<p>            <img decoding=\"async\" src=\"https:\/\/www.europesays.com\/it\/wp-content\/uploads\/2026\/05\/062558185-8bd61c5b-7c1b-4fcb-9395-7fae42dd38a4.jpg\" class=\"lazy\" alt=\"\"\/><\/p>\n<p>        Foto: Il Tempo<\/p>\n<p>\t\t\t\t\t\t\t<a href=\"\" class=\"author\">Aldo Rosati<\/a><\/p>\n<p>\t\t\t\t\t\t\t25 maggio 2026<\/p>\n<p>Si chiamano rimozioni. Perla psicoanalisi \u00e8 un meccanismo di difesa con cui il cervello esclude dalla coscienza fatti o ricordi traumatici che generano ansia o vergogna. Da qui la scelta consapevole di nascondere l\u2019evento: se occhio non vede, cuore non duole. \u00c8 l\u2019esatta fotografia del comportamento tenuto dal campo largo di fronte alla sonora manganellata che gli agenti spagnoli hanno riservato a sei attivisti della Flotilla, rimpatriati a Bilbao dalla Turchia dopo essere stati rilasciati da Israele. La tensione \u00e8 scaturita quando il gruppetto di ProPal ha bloccato il passaggio attraverso un gate di arrivo, scatenando la dura reazione di Ertzaintza (la Polizia basca che poi si \u00e8 scusata). A distanza di ore, le polemiche a Madrid continuano a tenere banco. Protesta ufficialmente la Global Sumud Flotilla: \u00abCi\u00f2 che \u00e8 accaduto all\u2019aeroporto iberico \u00e8 una dimostrazione agghiacciante della repressione globale\u00bb. Il \u00abfamigerato\u00bb modello Israele: se i poliziotti spagnoli hanno la mano pesante, alla fine \u00e8 colpa di Bibi Netanyahu.<\/p>\n<p>\u00a0<\/p>\n<p>\t\t\t\t\t\t\t<a href=\"https:\/\/www.iltempo.it\/iltempotv\/2026\/05\/24\/video\/flotilla-daniele-capezzone-video-oggi-mazzate-democratiche-spagna-sanchez-silenzio-giornali-italiani-47858964\/\" rel=\"nofollow noopener\" target=\"_blank\"><\/p>\n<p>\t\t\t\t\t\t\t\t\t<img decoding=\"async\" src=\"https:\/\/www.europesays.com\/it\/wp-content\/uploads\/2026\/05\/140303211-7f952767-669f-4223-b9a3-179f8219528b.jpg\" class=\"lazy\" alt=\"Flotilla, le mazzate democratiche della Spagna e il silenzio dei giornali italiani\"\/><\/p>\n<p>\t\t\t\t\t\t\t<\/a><\/p>\n<p class=\"overtitle\">Video su questo argomento<\/p>\n<\/p>\n<p>\u00a0<\/p>\n<p>Su X il giornalista Fonsi Loaiza denuncia: \u00abHanno sospeso il mio account Instagram per aver documentato le violenze della polizia contro gli attivisti in solidariet\u00e0 con la Palestina\u00bb. Ma se in Spagna l\u2019Izquierda \u00e8 in fiamme, a Roma vige il silenzio della rimozione. I giornaloni progressiti, da Repubblica al Corriere, ieri mattina preferivano non dedicare al fatto nemmeno un titolo. Troppo doloroso processare il premier Pedro S\u00e1nchez, il \u00absantino\u00bb del Nazareno, il modello che Elly Schlein contrappone costantemente a Giorgia Meloni. Proprio quel Pedro che si \u00e8 distinto per aver riconosciuto lo Stato di Palestina e per aver premiato, giusto la settimana scorsa, Francesca Albanese, l\u2019eroina con la kefiah. Ora l\u2019incredibile corto circuito: dall\u2019altare alla cenere, come un pallido Ben Gvir del Mediterraneo. Una beffa in piena regola, della serie chi poteva immaginarselo? Allora molto meglio ignorare. Non si scriva nulla, non si commenti: i fatti di Bilbao devono semplicemente scomparire.<\/p>\n<p>\u00a0<\/p>\n<p>\t\t\t\t\t\t\t\t<a href=\"https:\/\/www.iltempo.it\/esteri\/2026\/05\/25\/news\/flotilla-ancora-grane-per-l-italia-due-attivisti-arrestati-in-libia-47863798\/\" rel=\"nofollow noopener\" target=\"_blank\"><\/p>\n<p>\t\t\t\t\t\t\t\t\t\t<img decoding=\"async\" src=\"https:\/\/img.iltempo.it\/images\/2026\/05\/25\/060209287-d8bd70de-f8c2-4643-b0ce-f3e8b6e95b84.jpg\" class=\"lazy\" alt=\"Flotilla, ancora grane per l'Italia. Due attivisti arrestati in Libia\" bad-src=\"https:\/\/www.europesays.com\/it\/wp-content\/uploads\/2025\/07\/placeholder_iltempo.png\"\/><\/p>\n<p>\t\t\t\t\t\t\t\t<\/a><\/p>\n<p>\u00a0<\/p>\n<p>Anche perch\u00e9, nel frattempo, migliaia di persone hanno sfilato a Madrid per chiedere le dimissioni del primo ministro socialista, travolto dalle accuse di corruzione all\u2019interno del suo entourage. I manifestanti, sventolando le bandiere nazionali, esponevano un grande striscione: \u00abLa corruzione ha un prezzo. Basta impunit\u00e0. Elezioni ora\u00bb. \u00c8 lo strano destino del premier spagnolo, che riesce a rimanere un \u00abfaro\u00bb solo per i progressisti di casa nostra, che naturalmente oscurano anche questa notizia. La protesta nella capitale \u00e8 proseguita contro il caro-affitti che sta escludendo gli spagnoli dal mercato immobiliare, mentre le inchieste giudiziarie per traffico di influenze sfiorano persino il suo predecessore, Jos\u00e9 Luis Rodr\u00edguez Zapatero. Da domani S\u00e1nchez sar\u00e0 a Roma in udienza dal Papa e per incontrare a Palazzo Chigi Giorgia Meloni. Sar\u00e0 l\u2019occasione giusta per un chiarimento con i leader di Pd, Avs e M5S? Difficile, visto che il doppio pesismo non si ferma a Madrid. Succede ad Atene, fanno ritorno a casa gli attivisti greci e sono subito scaramucce con la Polizia, come scrive il ministero degli Esteri di Israele. Puntuale parte la scomunica del dem Arturo Scotto, nessun riguardo per il paese ellenico: \u00abSono il punto debole della sovranit\u00e0 europea\u00bb. La Spagna? Cancellata. Per il campo largo \u00e8 il momento di sdraiarsi sul lettino dello psicanalista. Diagnosi: shock da realt\u00e0.<\/p>\n","protected":false},"excerpt":{"rendered":"Foto: Il Tempo Aldo Rosati 25 maggio 2026 Si chiamano rimozioni. Perla psicoanalisi \u00e8 un meccanismo di difesa&hellip;\n","protected":false},"author":3,"featured_media":507160,"comment_status":"","ping_status":"","sticky":false,"template":"","format":"standard","meta":{"footnotes":"","_share_on_mastodon":"0"},"categories":[160],"tags":[14,164,165,13989,166,7,15,5090,6059,11,167,12,168,161,162,163],"class_list":["post-507159","post","type-post","status-publish","format-standard","has-post-thumbnail","category-mondo","tag-cronaca","tag-dal-mondo","tag-dalmondo","tag-flotilla","tag-mondo","tag-news","tag-notizie","tag-pedro-sanchez","tag-spagna","tag-ultime-notizie","tag-ultime-notizie-di-mondo","tag-ultimenotizie","tag-ultimenotiziedimondo","tag-world","tag-world-news","tag-worldnews"],"share_on_mastodon":{"url":"https:\/\/pubeurope.com\/@it\/116634255980753168","error":""},"_links":{"self":[{"href":"https:\/\/www.europesays.com\/it\/wp-json\/wp\/v2\/posts\/507159","targetHints":{"allow":["GET"]}}],"collection":[{"href":"https:\/\/www.europesays.com\/it\/wp-json\/wp\/v2\/posts"}],"about":[{"href":"https:\/\/www.europesays.com\/it\/wp-json\/wp\/v2\/types\/post"}],"author":[{"embeddable":true,"href":"https:\/\/www.europesays.com\/it\/wp-json\/wp\/v2\/users\/3"}],"replies":[{"embeddable":true,"href":"https:\/\/www.europesays.com\/it\/wp-json\/wp\/v2\/comments?post=507159"}],"version-history":[{"count":0,"href":"https:\/\/www.europesays.com\/it\/wp-json\/wp\/v2\/posts\/507159\/revisions"}],"wp:featuredmedia":[{"embeddable":true,"href":"https:\/\/www.europesays.com\/it\/wp-json\/wp\/v2\/media\/507160"}],"wp:attachment":[{"href":"https:\/\/www.europesays.com\/it\/wp-json\/wp\/v2\/media?parent=507159"}],"wp:term":[{"taxonomy":"category","embeddable":true,"href":"https:\/\/www.europesays.com\/it\/wp-json\/wp\/v2\/categories?post=507159"},{"taxonomy":"post_tag","embeddable":true,"href":"https:\/\/www.europesays.com\/it\/wp-json\/wp\/v2\/tags?post=507159"}],"curies":[{"name":"wp","href":"https:\/\/api.w.org\/{rel}","templated":true}]}}