{"id":507175,"date":"2026-05-25T08:38:20","date_gmt":"2026-05-25T08:38:20","guid":{"rendered":"https:\/\/www.europesays.com\/it\/507175\/"},"modified":"2026-05-25T08:38:20","modified_gmt":"2026-05-25T08:38:20","slug":"juve-vlahovic-il-rinnovo-la-trattativa-dopo-i-gol-nel-derby","status":"publish","type":"post","link":"https:\/\/www.europesays.com\/it\/507175\/","title":{"rendered":"Juve-Vlahovic, il rinnovo: la trattativa dopo i gol nel derby"},"content":{"rendered":"<p>                                La doppietta nel derby \u00e8 un segnale per la Signora: nei prossimi giorni previsto un incontro per fare passi avanti<\/p>\n<p>            <a class=\"image is-50x50\" href=\"https:\/\/www.gazzetta.it\/redazione\/matteo-nava\/\" rel=\"nofollow noopener\" target=\"_blank\"><br \/>\n                <img decoding=\"async\" class=\"is-rounded\" src=\"https:\/\/www.europesays.com\/it\/wp-content\/uploads\/2025\/11\/matteo_nava_avatar.png\" alt=\"Matteo Nava\"\/><br \/>\n            <\/a><\/p>\n<p>Giornalista<\/p>\n<p>                    25 maggio &#8211; 09:36  &#8211; MILANO<\/p>\n<p class=\"paragraph\" spellcheck=\"true\"><a href=\"https:\/\/www.gazzetta.it\/Calcio\/Serie-A\/Juventus\/24-05-2026\/torino-juve-live-risultato-e-gol-in-diretta-serie-a.shtml?intcmp=hyperlink-articolo-gazit\" title=\"Juve, niente miracolo: un bel Toro rimonta, Spalletti va in Europa League\" target=\"_blank\" rel=\"nofollow noopener\">Dusan Vlahovic<\/a>, dopo tutto, il suo l\u2019ha fatto. Ancora non sa se la caotica serata di ieri coincider\u00e0 con la sua ultima partita con la maglia della Juve, ma se c\u2019era da mandare un messaggio alla propriet\u00e0, beh, il serbo ha premuto \u201cinvio\u201d. Due gol nel derby, uno per tempo, e poi una smorfia quando al 17\u2019 del secondo tempo <a href=\"https:\/\/www.gazzetta.it\/Calcio\/Serie-A\/Juventus\/25-05-2026\/spalletti-dopo-torino-juve-va-fatta-una-squadra-di-livello.shtml?intcmp=hyperlink-articolo-gazit\" title=\"Spalletti: \" va=\"\" fatta=\"\" una=\"\" squadra=\"\" di=\"\" livello=\"\" senza=\"\" personalit=\"\" non=\"\" puoi=\"\" giocare=\"\" nella=\"\" juve=\"\" target=\"_blank\" rel=\"nofollow noopener\">Spalletti<\/a> ha deciso di toglierlo dal campo inserendo David, l\u2019uomo che doveva essere il suo erede e poi nella sostanza \u00e8 restato relegato al ruolo di alternativa, quando entrambi sono stati a disposizione. Ieri sera le luci della A si sono spente quando lo hanno fatto i riflettori dello stadio granata, ma la partita del centravanti continuer\u00e0: c\u2019\u00e8 da definire il suo futuro e la posta in palio, per lui, \u00e8 alta come lo era la qualificazione in Champions per la sua Juventus.\u00a0<\/p>\n<p>        parola ai gol\u2014 \u00a0<\/p>\n<p class=\"paragraph\" spellcheck=\"true\">Curiosamente, se la stracittadina di ieri sera fosse stata la gara d\u2019addio di Vlahovic, allora lui avrebbe chiuso un cerchio. Dusan aveva infatti segnato una rete &#8211; decisiva &#8211; nel suo primo derby  giocato in trasferta, il 15 ottobre 2022, e lo stesso ha fatto in quello che pu\u00f2 essere l\u2019ultimo della sua relazione con la Signora. Quando sta bene fisicamente il serbo parla con i gol e con la doppietta di ieri \u00e8 riuscito a sfondare la doppia cifra di marcature in questo 2025-26: ha cos\u00ec salvaguardato la striscia di anni ad almeno 10 gol, con la stagione 2019-20 alla Fiorentina &#8211; l\u2019ultima da teenager &#8211; che resta ancora l\u2019ultima sotto quella quota. Purtroppo per la sua Juventus, per\u00f2, queste dieci reti (otto in A e due in Champions ) non sono state sufficienti a raggiungere alcun obiettivo fissato d\u2019estate. Se a luglio il centravanti si trover\u00e0 alla Continassa per ritentare la missione, questo per\u00f2 non \u00e8 ancora dato saperlo.\u00a0<\/p>\n<p><a class=\"is-partner-link\" href=\"https:\/\/abbonamenti.gazzetta.it\/doblete-inter-gplus-de-promo\/?pwcmp=cta&amp;forceBrowser=true\" rel=\"nofollow noopener\" target=\"_blank\">Inter Campione d\u2019Italia: abbonati alla Digital Edition + Poster Prima Pagina a 4,99\u20ac\/mese<\/a><\/p>\n<p>        il braccio di ferro\u2014 \u00a0<\/p>\n<p class=\"paragraph\" spellcheck=\"true\">Nei prossimi giorni si aprir\u00e0 il tavolo del calciomercato e, di conseguenza, quello della trattativa del rinnovo di un contratto in scadenza il prossimo 30 giugno ma che teoricamente pu\u00f2 ancora essere prolungato con un accordo. La questione \u00e8 nota e ora passa in mano sia al padre del calciatore, Milos, che alla dirigenza bianconera: Dusan esce da un contratto da 12 milioni di euro e non vorrebbe scendere sotto gli 8, mentre la Juventus non vuole pagarlo pi\u00f9 di Yildiz (7) a cui si aggiungono per\u00f2 spinose commissioni e bonus alla firma. Certo, la componente variabile dell\u2019ingaggio pu\u00f2 aiutare le parti, per\u00f2 l\u2019amministratore delegato Comolli non sembra pi\u00f9 disponibile a fare ulteriori passi verso l\u2019attaccante e l\u2019impressione \u00e8 che tanto dipender\u00e0 da un interrogativo cruciale e a oggi irrisolto: nelle prossime settimane ci sar\u00e0 un top club europeo pronto a bussare alla porta di Vlahovic con una proposta migliore? Ieri Dusan ha s\u00ec mandato un messaggio alla Juventus con una doppietta nel derby di Torino, ma quel messaggio pu\u00f2 essere arrivato a tanti club: se sta bene, il numero 9 bianconero sa come si segna. In quel \u201cse\u201d si gioca la fiducia che si pu\u00f2 riporre in lui e, quindi, si gioca il suo futuro. Che sia bianconero o di qualsiasi altro colore, in un enigma ancora non risolto.<\/p>\n<p class=\"is-copyright\">\u00a9 RIPRODUZIONE RISERVATA<\/p>\n","protected":false},"excerpt":{"rendered":"La doppietta nel derby \u00e8 un segnale per la Signora: nei prossimi giorni previsto un incontro per fare&hellip;\n","protected":false},"author":3,"featured_media":507176,"comment_status":"","ping_status":"","sticky":false,"template":"","format":"standard","meta":{"footnotes":"","_share_on_mastodon":"0"},"categories":[1452],"tags":[579,51822,281019,10575,588,589,721,12837,1969,554,6693,5187,7438,265963,8002,597,1740,5360,1976,1537,90,89,565,558,6411,1290,6855,6520,21730,6193,13287,12154,2372,1739,245,244,2199,578],"class_list":["post-507175","post","type-post","status-publish","format-standard","has-post-thumbnail","category-calcio","tag-accordo","tag-accordo-questione","tag-accordo-questione-nota","tag-bianconero","tag-braccio","tag-braccio-ferro","tag-calcio","tag-centravanti","tag-champions","tag-club","tag-contratto","tag-derby","tag-doppietta","tag-doppietta-derby","tag-dusan","tag-ferro","tag-football","tag-gioca","tag-gol","tag-it","tag-italia","tag-italy","tag-juve","tag-juventus","tag-messaggio","tag-partita","tag-passi","tag-prossimi","tag-rinnovo","tag-sa","tag-sera","tag-serbo","tag-signora","tag-soccer","tag-sport","tag-sports","tag-ultima","tag-vlahovic"],"share_on_mastodon":{"url":"https:\/\/pubeurope.com\/@it\/116634314836562249","error":""},"_links":{"self":[{"href":"https:\/\/www.europesays.com\/it\/wp-json\/wp\/v2\/posts\/507175","targetHints":{"allow":["GET"]}}],"collection":[{"href":"https:\/\/www.europesays.com\/it\/wp-json\/wp\/v2\/posts"}],"about":[{"href":"https:\/\/www.europesays.com\/it\/wp-json\/wp\/v2\/types\/post"}],"author":[{"embeddable":true,"href":"https:\/\/www.europesays.com\/it\/wp-json\/wp\/v2\/users\/3"}],"replies":[{"embeddable":true,"href":"https:\/\/www.europesays.com\/it\/wp-json\/wp\/v2\/comments?post=507175"}],"version-history":[{"count":0,"href":"https:\/\/www.europesays.com\/it\/wp-json\/wp\/v2\/posts\/507175\/revisions"}],"wp:featuredmedia":[{"embeddable":true,"href":"https:\/\/www.europesays.com\/it\/wp-json\/wp\/v2\/media\/507176"}],"wp:attachment":[{"href":"https:\/\/www.europesays.com\/it\/wp-json\/wp\/v2\/media?parent=507175"}],"wp:term":[{"taxonomy":"category","embeddable":true,"href":"https:\/\/www.europesays.com\/it\/wp-json\/wp\/v2\/categories?post=507175"},{"taxonomy":"post_tag","embeddable":true,"href":"https:\/\/www.europesays.com\/it\/wp-json\/wp\/v2\/tags?post=507175"}],"curies":[{"name":"wp","href":"https:\/\/api.w.org\/{rel}","templated":true}]}}