{"id":507361,"date":"2026-05-25T11:06:20","date_gmt":"2026-05-25T11:06:20","guid":{"rendered":"https:\/\/www.europesays.com\/it\/507361\/"},"modified":"2026-05-25T11:06:20","modified_gmt":"2026-05-25T11:06:20","slug":"elena-berselli-23-anni-scivola-sulla-neve-in-montagna-e-precipita-per-200-metri-ritrovata-morta","status":"publish","type":"post","link":"https:\/\/www.europesays.com\/it\/507361\/","title":{"rendered":"Elena Berselli, 23 anni, scivola sulla neve in montagna e precipita per 200 metri: ritrovata morta"},"content":{"rendered":"<p><strong>TRENTO<\/strong> &#8211; <strong><a href=\"https:\/\/www.ilgazzettino.it\/t\/elena-berselli\" rel=\"nofollow noopener\" target=\"_blank\">Elena Berselli<\/a><\/strong>, 23enne di Zola Pedrosa, in provincia di Bologna, \u00e8 stata ritrovata morta\u00a0dopo una caduta in montagna in Alto Adige. La giovane \u00e8 scivolata per 200 metri su un tratto ancora innevato mentre stava compiendo un&#8217;escursione in localit\u00e0 <strong>Val Mesd\u00ec di Corvara<\/strong> in <strong><a href=\"https:\/\/www.ilgazzettino.it\/t\/badia\" rel=\"nofollow noopener\" target=\"_blank\">Badia<\/a><\/strong>, ad una quota di circa 1.800 metri.<\/p>\n<p>L&#8217;allarme \u00e8 stato lanciato domenica sera, perch\u00e9 della giovane non si avevano pi\u00f9 notizie.<\/p>\n<p>Sul posto il Soccorso alpino.<\/p>\n","protected":false},"excerpt":{"rendered":"TRENTO &#8211; Elena Berselli, 23enne di Zola Pedrosa, in provincia di Bologna, \u00e8 stata ritrovata morta\u00a0dopo una caduta&hellip;\n","protected":false},"author":3,"featured_media":507362,"comment_status":"","ping_status":"","sticky":false,"template":"","format":"standard","meta":{"footnotes":"","_share_on_mastodon":"0"},"categories":[79],"tags":[29596,14,93,94,281177,1537,90,89,7,15,11,84,91,12,85,92],"class_list":["post-507361","post","type-post","status-publish","format-standard","has-post-thumbnail","category-italia","tag-badia","tag-cronaca","tag-cronaca-italiana","tag-cronacaitaliana","tag-elena-berselli","tag-it","tag-italia","tag-italy","tag-news","tag-notizie","tag-ultime-notizie","tag-ultime-notizie-e-news-di-oggi","tag-ultime-notizie-italia","tag-ultimenotizie","tag-ultimenotizieenewsdioggi","tag-ultimenotizieitalia"],"share_on_mastodon":{"url":"https:\/\/pubeurope.com\/@it\/116634897000580522","error":""},"_links":{"self":[{"href":"https:\/\/www.europesays.com\/it\/wp-json\/wp\/v2\/posts\/507361","targetHints":{"allow":["GET"]}}],"collection":[{"href":"https:\/\/www.europesays.com\/it\/wp-json\/wp\/v2\/posts"}],"about":[{"href":"https:\/\/www.europesays.com\/it\/wp-json\/wp\/v2\/types\/post"}],"author":[{"embeddable":true,"href":"https:\/\/www.europesays.com\/it\/wp-json\/wp\/v2\/users\/3"}],"replies":[{"embeddable":true,"href":"https:\/\/www.europesays.com\/it\/wp-json\/wp\/v2\/comments?post=507361"}],"version-history":[{"count":0,"href":"https:\/\/www.europesays.com\/it\/wp-json\/wp\/v2\/posts\/507361\/revisions"}],"wp:featuredmedia":[{"embeddable":true,"href":"https:\/\/www.europesays.com\/it\/wp-json\/wp\/v2\/media\/507362"}],"wp:attachment":[{"href":"https:\/\/www.europesays.com\/it\/wp-json\/wp\/v2\/media?parent=507361"}],"wp:term":[{"taxonomy":"category","embeddable":true,"href":"https:\/\/www.europesays.com\/it\/wp-json\/wp\/v2\/categories?post=507361"},{"taxonomy":"post_tag","embeddable":true,"href":"https:\/\/www.europesays.com\/it\/wp-json\/wp\/v2\/tags?post=507361"}],"curies":[{"name":"wp","href":"https:\/\/api.w.org\/{rel}","templated":true}]}}