{"id":507495,"date":"2026-05-25T12:55:21","date_gmt":"2026-05-25T12:55:21","guid":{"rendered":"https:\/\/www.europesays.com\/it\/507495\/"},"modified":"2026-05-25T12:55:21","modified_gmt":"2026-05-25T12:55:21","slug":"i-bangladem-mobilitati-a-venezia-e-rischio-brogli","status":"publish","type":"post","link":"https:\/\/www.europesays.com\/it\/507495\/","title":{"rendered":"I &#8220;bangladem&#8221; mobilitati. A Venezia \u00e8 rischio brogli"},"content":{"rendered":"<p>Le elezioni a Venezia hanno regalato un quadro che chi vigila sulla sicurezza, definisce inquietante. La mobilitazione \u00e8 stata impressionante, con decine e decine di macchine messe a disposizione della comunit\u00e0 islamica locale per portare alle urne i propri elettori. Da casa al seggio e poi di nuovo a casa, con \u00abautisti\u00bb dedicati che dovevano accertarsi che nessuno fuggisse da quello che loro ritenevano un dovere imprescindibile. I candidati bengalesi sono sette, tutti in quota Pd, e la comunit\u00e0 su cui possono contare \u00e8 di circa 14mila persone. Ma va considerato che, in generale, la popolazione di fede islamica, tra Mestre e Venezia, supera quota 30mila.<\/p>\n<p>Ma questo \u00e8 nulla se pensiamo al rischio brogli che, in pi\u00f9 di un\u2019occasione, \u00e8 stato denunciato ieri da chi sorvegliava la zona e ha chiamato le forze dell\u2019ordine. Queste ultime, infatti, sono riuscite a identificare un cittadino, titolare di un\u2019attivit\u00e0 della zona che in prossimit\u00e0 del seggio andava in giro con il fac-simile della scheda spigando nel dettaglio il candidato da scegliere.<\/p>\n<p>Tutto ci\u00f2 gli \u00e8 costato almeno un\u2019ora e mezza di interrogatorio all\u2019interno della caserma dei carabinieri che hanno acquisito un video ritenuto centrale in cui si vede lo straniero compiere quello che \u00e8, a tutti gli effetti, un illecito.<\/p>\n<p>A maggior ragione se consideriamo che non sarebbe nemmeno in possesso della cittadinanza italiana.<\/p>\n<p>Traducendo le parole che si sentono nel filmato di cui siamo venuti in possesso, l\u2019uomo identificato sponsorizzava il profilo di Clark Manwar, imprenditore della lista \u00abVenezia \u00e8 tua\u00bb, a supporto del candidato dem Andrea Martella. Lui, cos\u00ec come altri, si sono muniti anche di biciclette per fare il giro dei vari seggi. In particolare ne hanno identificati due come target principali, quello dell\u2019asilo Visintini, uno dei pi\u00f9 grandi con all\u2019interno 5 sezioni, e l\u2019altro corrisponde alla scuola Grimani di via Canal. Quest\u2019ultimo \u00e8 quello con il maggior numero di utenti a Marghera (la municipalit\u00e0 con la pi\u00f9 alta incidenza di bengalesi e con il 30% di extracomunitari), anche perch\u00e9 alla scuola media Einaudi che \u00e8 esattamente davanti ci sono 6 sezioni ed \u00e8 per questo che \u00e8 la zona in cui, dall\u2019apertura delle urne, i bengalesi si sono recati, organizzandosi in veri e propri gruppi che influenzavano i loro connazionali.<\/p>\n<p>Ma il dato che colpisce ancora di pi\u00f9 \u00e8 che la maggior parte dei soggetti che si prodigavano nell\u2019operazione di persuasione non\n<\/p>\n<p>avevano la possibilit\u00e0 di esprimere il proprio voto in quanto non muniti di cittadinanza.<\/p>\n<p>\u00abPerch\u00e9 rischiare tanto senza avere nulla in cambio? \u00bb, ci dice chi si sta occupando di una vicenda che potrebbe paralizzare le elezioni.<\/p>\n","protected":false},"excerpt":{"rendered":"Le elezioni a Venezia hanno regalato un quadro che chi vigila sulla sicurezza, definisce inquietante. La mobilitazione \u00e8&hellip;\n","protected":false},"author":3,"featured_media":502570,"comment_status":"","ping_status":"","sticky":false,"template":"","format":"standard","meta":{"footnotes":"","_share_on_mastodon":"0"},"categories":[6],"tags":[14,99843,8,1634,1537,90,89,7,15,82,9,83,10,7868,13,11,80,84,12,81,85,222],"class_list":["post-507495","post","type-post","status-publish","format-standard","has-post-thumbnail","category-ultime-notizie","tag-cronaca","tag-elezioni-comunali","tag-headlines","tag-islam","tag-it","tag-italia","tag-italy","tag-news","tag-notizie","tag-notizie-di-cronaca","tag-notizie-principali","tag-notiziedicronaca","tag-notizieprincipali","tag-partito-democratico-pd","tag-titoli","tag-ultime-notizie","tag-ultime-notizie-di-cronaca","tag-ultime-notizie-e-news-di-oggi","tag-ultimenotizie","tag-ultimenotiziedicronaca","tag-ultimenotizieenewsdioggi","tag-venezia"],"share_on_mastodon":{"url":"https:\/\/pubeurope.com\/@it\/116635325454021903","error":""},"_links":{"self":[{"href":"https:\/\/www.europesays.com\/it\/wp-json\/wp\/v2\/posts\/507495","targetHints":{"allow":["GET"]}}],"collection":[{"href":"https:\/\/www.europesays.com\/it\/wp-json\/wp\/v2\/posts"}],"about":[{"href":"https:\/\/www.europesays.com\/it\/wp-json\/wp\/v2\/types\/post"}],"author":[{"embeddable":true,"href":"https:\/\/www.europesays.com\/it\/wp-json\/wp\/v2\/users\/3"}],"replies":[{"embeddable":true,"href":"https:\/\/www.europesays.com\/it\/wp-json\/wp\/v2\/comments?post=507495"}],"version-history":[{"count":0,"href":"https:\/\/www.europesays.com\/it\/wp-json\/wp\/v2\/posts\/507495\/revisions"}],"wp:featuredmedia":[{"embeddable":true,"href":"https:\/\/www.europesays.com\/it\/wp-json\/wp\/v2\/media\/502570"}],"wp:attachment":[{"href":"https:\/\/www.europesays.com\/it\/wp-json\/wp\/v2\/media?parent=507495"}],"wp:term":[{"taxonomy":"category","embeddable":true,"href":"https:\/\/www.europesays.com\/it\/wp-json\/wp\/v2\/categories?post=507495"},{"taxonomy":"post_tag","embeddable":true,"href":"https:\/\/www.europesays.com\/it\/wp-json\/wp\/v2\/tags?post=507495"}],"curies":[{"name":"wp","href":"https:\/\/api.w.org\/{rel}","templated":true}]}}