{"id":507631,"date":"2026-05-25T14:43:17","date_gmt":"2026-05-25T14:43:17","guid":{"rendered":"https:\/\/www.europesays.com\/it\/507631\/"},"modified":"2026-05-25T14:43:17","modified_gmt":"2026-05-25T14:43:17","slug":"risultati-in-diretta-delle-elezioni-in-emilia-romagna-sfide-clou-per-il-sindaco-a-imola-e-faenza","status":"publish","type":"post","link":"https:\/\/www.europesays.com\/it\/507631\/","title":{"rendered":"Risultati in diretta delle elezioni in Emilia-Romagna,\u00a0sfide clou per il sindaco a Imola e Faenza"},"content":{"rendered":"<p>Bologna, 25 maggio 2026 &#8211; E\u2019 in corso lo spoglio delle schede per le <a rel=\"follow nofollow noopener\" href=\"https:\/\/www.ilrestodelcarlino.it\/risultati-elezioni\" target=\"_blank\"><strong>elezioni comunali 2026<\/strong><\/a> anche in <strong>Emilia-Romagna\u00a0<\/strong>nelle 254 sezioni e inizieremo a conoscere i primi<strong> <strong><a rel=\"follow nofollow noopener\" href=\"https:\/\/www.quotidiano.net\/elezioni\/comunali-risultati-quando-v2na7ff9\" target=\"_blank\">risultati<\/a>\u00a0<\/strong><\/strong>sui<strong><strong> <a rel=\"follow nofollow noopener\" href=\"https:\/\/www.ilrestodelcarlino.it\/emilia-romagna\/politica\/sindaci-eletti-mappa-elezioni-gp074b2b\" target=\"_blank\">sindaci eletti<\/a>\u00a0<\/strong><\/strong>con i dati di<strong><strong> <a rel=\"nofollow noopener\" href=\"https:\/\/elezioni.interno.gov.it\/\" target=\"_blank\">Eligendo<\/a>.<\/strong><\/strong><\/p>\n<p>Sono stati circa 200mila gli elettori chiamati alle <strong>urne<\/strong>, la partecipazione alle consultazioni per l\u2019elezione dei <strong>primi cittadini\u00a0<\/strong>dei <strong>16 Comuni <\/strong>emiliano-romagnoli e dei relativi consigli comunali \u00e8 stata molto bassa.\u00a0<\/p>\n<p>Il dato definitivo dell\u2019<a rel=\"follow nofollow noopener\" href=\"https:\/\/www.ilrestodelcarlino.it\/emilia-romagna\/politica\/affluenza-elezioni-comunali-emilia-romagna-2026-a3jodvoi\" target=\"_blank\"><strong>affluenza<\/strong><\/a>\u00a0\u00e8 del <strong>54,36%<\/strong> in calo di 10 punti dispetto alle ultime amministrative e sotto la media nazionale.<\/p>\n<p>Le sfide principali a\u00a0<strong>Imola<\/strong> (Bologna), <strong>Faenza<\/strong> (Ravenna), <strong>Comacchio<\/strong> (Ferrara), <strong>Vignola<\/strong> (Modena) e <strong>Cervia<\/strong> (Ravenna), dove si \u00e8 votato anticipatamente per le dimissioni del sindaco per un indagine di maltrattamenti in famiglia.<\/p>\n<p>Questi invece i Comuni con meno di 15mila abitanti che eleggono\u00a0il primo cittadino:\u00a0<strong>Bondeno<\/strong> (Ferrara), <strong>Verghereto<\/strong> (Forl\u00ec-Cesena), <strong>Montese<\/strong> (Modena), <strong>Palanzano <\/strong>e <strong>Pellegrino Parmense<\/strong> (Parma), <strong>Ferriere e Pontenure<\/strong> (Piacenza), <strong>Canossa e Luzzara<\/strong> (Reggio Emilia), <strong>Mondaino\u00a0<\/strong>e <strong>Morciano<\/strong> <strong>di Romagna<\/strong> (Rimini).<\/p>\n<p>Si tratta dell\u2019ultimo test alle urne prima delle politiche del prossimo anno.<\/p>\n<p>Lo spoglio in tempo reale: risultati in diretta\u00a0 <\/p>\n<p>Le notizie\u00a0in tempo reale\u00a0 <\/p>\n<p>14:36<\/p>\n<p>Vignola, avanti il centrodestra\n<\/p>\n<p>A <strong>Vignola<\/strong> (Modena) dopo 4 sezioni scrutinate su 23 avanti il centrodestra con Angelo Pasini (49,39%), seguita dalla sindaca uscente di centrosinistra Emilia Muratori (32,42%), poi i civici Roberto Adani (11,33%) ed Enzo Cavani (6,86%).<\/p>\n<p>14:32<\/p>\n<p>Amerigo Ottaviani sindaco di Mondaino\n<\/p>\n<p><strong>Amerigo Ottaviani, <\/strong>ex presidente della ProLoco con un passato in giunta,\u00a0\u00e8 stato eletto sindaco di <strong>Mondaino <\/strong>(Rimini), correva come unico candidato. Per lui\u00a0538 voti.<\/p>\n<p> <img alt=\"Amerigo Ottaviani ha organizzato la sua lista per diventare sindaco di Mondaino, in provincia di Rimini\" loading=\"lazy\" width=\"1600\" height=\"1066\" decoding=\"async\" data-nimg=\"1\" style=\"color:transparent;max-width:100%;height:auto\"   src=\"https:\/\/www.europesays.com\/it\/wp-content\/uploads\/2026\/05\/amerigo-ottaviani-ha-organizzato-la-sua-lista-per-diventare-sindaco-di-mondaino-in-provincia-di-rimi.webp\"\/><\/p>\n<p>Amerigo Ottaviani ha organizzato la sua lista per diventare sindaco di Mondaino, in provincia di Rimini<\/p>\n<p>14:28<\/p>\n<p>Silvia Franzini eletta sindaco di Palanzano\n<\/p>\n<p><strong>Silvia Franzini<\/strong> sostenuta dalla lista &#8220;Palanzano in comune&#8221; \u00e8 stata eletta sindaco di <strong>Palanzano<\/strong> (Parma).<\/p>\n<p>14:07<\/p>\n<p>Isola verso la riconferma a Faenza?\n<\/p>\n<p>Le prime proiezioni in arrivo nel quartier generale del centrosinistra a Faenza delineano per il sindaco <strong>Massimo Isola<\/strong> una vittoria abbastanza rotonda sugli sfidanti. Si tratta per il momento di risultati ancora embrionali. Se tutto fosse confermato, sarebbe una scommessa vinta per il campo largo, che a Faenza si presentava con una coalizione larghissima, che vedeva il Pd, Movimento 5 Stelle e Avs (qui con la lista Fai!) affiancati da liste civiche centriste che presentavano al loro interno candidati anche di Azione e Italia Viva.<\/p>\n<p>14:02<\/p>\n<p>Primo sindaco eletto, a Pellegrino\u00a0Parmense\n<\/p>\n<p><strong>Fabio Moroni<\/strong> (Impegno comune per Pellegrino) \u00e8 il nuovo sindaco di <strong>Pellegrino Parmense<\/strong>. E&#8217; stato eletto con oltre il 90% delle preferenze.\u00a0<\/p>\n<p>13:54<\/p>\n<p>I dati principali dell&#8217;affluenza in Emilia-Romagna\n<\/p>\n<p>Il calo dell&#8217;affluenza in Emilia-Romagna \u00e8 di <strong>oltre dieci punti <\/strong>rispetto alle precedenti consultazioni (che furono per\u00f2 trainate anche dal <strong>referendum<\/strong> per la diminuzione del numero dei parlamentari) e, dato anomalo per la tradizione della regione, quasi sei punti sotto alla media nazionale.\u00a0 A <strong>Faenza <\/strong>ha votato il 57,9% (-11,3%), mentre a <strong>Imola<\/strong> il dato finale si \u00e8 attestato a 54,5% (-12,3%). Affluenza in calo di 12 punti e appena sopra il 50% (50,6%) l&#8217;affluenza a <strong>Cervia<\/strong>. A <strong>Comacchio <\/strong>ha votato appena il 45% (-9,4%)<\/p>\n<p>13:40<\/p>\n<p>Affluenza definitiva al 54,36%\n<\/p>\n<p><strong>Affluenza definitiva<\/strong>\u00a0in Emilia-Romagna al 54,36%, sotto la media nazionale dove sfiora il 60%<\/p>\n<p>13:30<\/p>\n<p>L&#8217;affluenza: focus Faenza e Cervia\n<\/p>\n<p>Ecco i dati dell&#8217;<strong>affluenza<\/strong> nel Ravennate,\u00a0in calo rispetto alla tornata elettorale precedente. A <strong>Faenza<\/strong> il 57,89% degli aventi diritto si \u00e8 recato alle urne, a <strong>Cervia<\/strong> invece l&#8217;affluenza definitiva \u00e8 del 50,63%.<\/p>\n<p>13:24<\/p>\n<p>L&#8217;affluenza in diretta\n<\/p>\n<p>L&#8217;<strong>affluenza definitiva<\/strong> in Emilia-Romagna, quando mancano ancora poche sezioni, si attesta attorno al 54%, in calo rispetto alle ultime amministrative quando superava di poco il 65%.\u00a0<\/p>\n<p> <img alt=\"In Emilia-Romagna 16 Comuni eleggono il nuovo sindaco, tra questi Imola, Faenza, Cervia, Comacchio e Vignola\" loading=\"lazy\" width=\"2835\" height=\"1890\" decoding=\"async\" data-nimg=\"1\" style=\"color:transparent;max-width:100%;height:auto\"   src=\"https:\/\/www.europesays.com\/it\/wp-content\/uploads\/2026\/05\/in-emilia-romagna-16-comuni-eleggono-il-nuovo-sindaco-tra-questi-imola-faenza-cervia-comacchio-e-vig.webp\"\/><\/p>\n<p>In Emilia-Romagna 16 Comuni eleggono il nuovo sindaco, tra questi Imola, Faenza, Cervia, Comacchio e Vignola<\/p>\n<p>13:13<\/p>\n<p>Sindaci a caccia del bis\n<\/p>\n<p>A <strong>Imola<\/strong> e<strong> Faenza<\/strong> la situazione \u00e8 similare: da una parte ci sono i sindaci uscenti del Pd (<strong>Marco Panieri<\/strong> e <strong>Massimo Isola<\/strong>) a caccia del bis, dall&#8217;altra un centrodestra diviso. A Faenza Fdi schiera Gabriele Padovani, mentre Fi e Lega sostengono Claudio Miccoli. A sostegno di Isola, invece, c&#8217;\u00e8 un campo largo in versione extralarge.<\/p>\n<p>A Imola il <strong>M5s<\/strong> non fa parte della coalizione che sostiene Panieri: il nucleo storico degli attivisti che riuscirono a strappare il Comune alla sinistra sostiene <strong>Ezio Roi<\/strong>, con una lista civica che si chiama &#8216;Noi per Imola&#8217;. Il centrodestra \u00e8 diviso anche in questo caso: <strong>Fdi<\/strong> e <strong>Fi <\/strong>appoggiano Nicolas Vacchi, mentre la <strong>Lega<\/strong> sostiene dall&#8217;esterno la lista civica che appoggia la candidata civica (ex Pd ed ex Leu) Paola Lanzon.<\/p>\n<p>13:00<\/p>\n<p>Urne chiuse alle 15, inizia lo spoglio\n<\/p>\n<p>Urne chiuse, inizia lo spoglio delle schede. Sapremo nelle prossime ore i nomi dei nuovi sindaci<\/p>\n<p>12:43<\/p>\n<p>La sfida per il sindaco di Faenza\n<\/p>\n<p>I candidati sindaco di <strong>Faenza<\/strong> sono <strong>Giuseppe Apicella Binni,<\/strong> sostenuto da Potere al Popolo, il candidato di centrosinistra<strong> Massimo Isola,<\/strong> sindaco uscente, sostenuto da Pd, Movimento 5 Stelle, Alleanza Verdi-Sinistra, e delle liste civiche Faenza Cresce e Faenza Pop, <strong>Gabriele Padovani <\/strong>sostenuto da Area Liberale, Fratelli d\u2019Italia, Noi Moderati, Partito Popolare del Nord e Faenza Insieme, <strong>Claudio Miccoli, <\/strong>candidato per la lista Lega-Forza Italia, che ha al suo interno anche un candidato della Democrazia Cristiana.<\/p>\n<p> <img alt=\"I 4 candidati sindaci di Faenza, da sinistra: Giuseppe Apicella Binni, Massimo Isola, Gabriele Padovani e Claudio Miccoli\" loading=\"lazy\" width=\"1600\" height=\"1066\" decoding=\"async\" data-nimg=\"1\" style=\"color:transparent;max-width:100%;height:auto\"   src=\"https:\/\/www.europesays.com\/it\/wp-content\/uploads\/2026\/05\/i-4-candidati-sindaci-di-faenza-da-sinistra-giuseppe-apicella-binni-massimo-isola-gabriele-padovani-.webp\"\/><\/p>\n<p>I 4 candidati sindaci di Faenza, da sinistra: Giuseppe Apicella Binni, Massimo Isola, Gabriele Padovani e Claudio Miccoli<\/p>\n<p>12:28<\/p>\n<p>La sfida a Imola\n<\/p>\n<p>Sono cinque i candidati in corsa per la guida della citt\u00e0 di Imola: <strong>Marco Panieri<\/strong>, sindaco uscente sostenuto dal centrosinistra (Pd, Imola Corre, Alleanza Verdi Sinistra e Riformisti per Imola),\u00a0<strong>Nicolas Vacchi<\/strong>, candidato del centrodestra (Fratelli d\u2019Italia, Forza Italia e Democrazia Cristiana),\u00a0<strong>Paola Lanzon,<\/strong> candidata per la lista civica \u2018Imola in Comune\u2019 sostenuta anche dalla Lega <strong>Ezio Roi,<\/strong> candidato per la lista civica \u2018Noi per Imola\u2019,\u00a0<strong>Michele Ferrari,<\/strong> candidato di \u2018Imola in Transizione\u2019 e Rifondazione Comunista.<\/p>\n<p> <img alt=\"Elezioni Imola, i 5 candidati a sindaco: Paola Lanzon, Ezio Roi, Nicolas Vacchi, Marco Panieri e Michele Ferrari\" loading=\"lazy\" width=\"1600\" height=\"900\" decoding=\"async\" data-nimg=\"1\" style=\"color:transparent;max-width:100%;height:auto\"   src=\"https:\/\/www.europesays.com\/it\/wp-content\/uploads\/2026\/05\/elezioni-imola-i-5-candidati-a-sindaco-paola-lanzon-ezio-roi-nicolas-vacchi-marco-panieri-e-michele-.webp\"\/><\/p>\n<p>Elezioni Imola, i 5 candidati a sindaco: Paola Lanzon, Ezio Roi, Nicolas Vacchi, Marco Panieri e Michele Ferrari<\/p>\n<p>\u00a0<\/p>\n<p>12:13<\/p>\n<p>I Comuni con meno di 15mila abitanti: oggi i nomi dei sindaci\n<\/p>\n<p>Conosceremo invece gi\u00e0 oggi il nome del sindaco degli altri 11 Comuni, dove si vota a turno unico e dove vince chi prende un voto in pi\u00f9, indipendentemente dalla soglia raggiunta: <strong>Bondeno<\/strong> (Ferrara), <strong>Verghereto<\/strong> (Forl\u00ec-Cesena), <strong>Montese <\/strong>(Modena), <strong>Palanzano e Pellegrino Parmense<\/strong> (Parma), <strong>Ferriere e Pontenure<\/strong> (Piacenza),<strong> Canossa e Luzzara<\/strong> (Reggio Emilia), <strong>Mondaino<\/strong> (che ha un unico candidato) e <strong>Morciano di Romagna <\/strong>(Rimini).<\/p>\n<p>12:08<\/p>\n<p>I Comuni con pi\u00f9 di 15mila abitanti (a rischio ballottaggio)\n<\/p>\n<p>A <strong><a rel=\"follow nofollow noopener\" href=\"https:\/\/www.ilrestodelcarlino.it\/imola\/politica\/risultati-elezioni-sindaco-2026-diretta-29765ff1\" target=\"_blank\">Imola<\/a><\/strong> (Bologna), <strong><a rel=\"follow nofollow noopener\" href=\"https:\/\/www.ilrestodelcarlino.it\/ravenna\/politica\/elezioni-comunali-faenza-2026-risultati-diretta-1c50c3b1\" target=\"_blank\">Faenza<\/a><\/strong> (Ravenna), <strong><a rel=\"follow nofollow noopener\" href=\"https:\/\/www.ilrestodelcarlino.it\/ferrara\/politica\/sindaco-comacchio-elezioni-risultati-c0k4ai3p\" target=\"_blank\">Comacchio<\/a><\/strong> (Ferrara), <strong><a rel=\"follow nofollow noopener\" href=\"https:\/\/www.ilrestodelcarlino.it\/modena\/politica\/elezioni-vignola-2026-sindaco-risultati-d39b1306\" target=\"_blank\">Vignola<\/a> <\/strong>(Modena) e <strong><a rel=\"follow nofollow noopener\" href=\"https:\/\/www.ilrestodelcarlino.it\/ravenna\/politica\/nuovo-sindaco-cervia-risultati-2026-tempo-reale-ynjwjo7s\" target=\"_blank\">Cervia<\/a><\/strong> (Ravenna), con pi\u00f9 di 15mila abitanti, in caso di mancato raggiungimento del 50% pi\u00f9 un voto da parte di un candidato si proceder\u00e0, il 7 giugno (dalle 7 alle 23) e l&#8217;8 giugno (dalle 7 alle 15), a un turno di <strong>ballottaggio<\/strong> fra i due candidati pi\u00f9 votati.<\/p>\n","protected":false},"excerpt":{"rendered":"Bologna, 25 maggio 2026 &#8211; E\u2019 in corso lo spoglio delle schede per le elezioni comunali 2026 anche&hellip;\n","protected":false},"author":3,"featured_media":507632,"comment_status":"","ping_status":"","sticky":false,"template":"","format":"standard","meta":{"footnotes":"","_share_on_mastodon":"0"},"categories":[79],"tags":[80287,14,93,94,5631,123,28089,7984,14750,1537,90,89,7,15,5389,8445,19,11,84,91,12,85,92],"class_list":["post-507631","post","type-post","status-publish","format-standard","has-post-thumbnail","category-italia","tag-clou","tag-cronaca","tag-cronaca-italiana","tag-cronacaitaliana","tag-diretta","tag-elezioni","tag-emiliaromagna","tag-faenza","tag-imola","tag-it","tag-italia","tag-italy","tag-news","tag-notizie","tag-risultati","tag-sfide","tag-sindaco","tag-ultime-notizie","tag-ultime-notizie-e-news-di-oggi","tag-ultime-notizie-italia","tag-ultimenotizie","tag-ultimenotizieenewsdioggi","tag-ultimenotizieitalia"],"share_on_mastodon":{"url":"https:\/\/pubeurope.com\/@it\/116635750562892380","error":""},"_links":{"self":[{"href":"https:\/\/www.europesays.com\/it\/wp-json\/wp\/v2\/posts\/507631","targetHints":{"allow":["GET"]}}],"collection":[{"href":"https:\/\/www.europesays.com\/it\/wp-json\/wp\/v2\/posts"}],"about":[{"href":"https:\/\/www.europesays.com\/it\/wp-json\/wp\/v2\/types\/post"}],"author":[{"embeddable":true,"href":"https:\/\/www.europesays.com\/it\/wp-json\/wp\/v2\/users\/3"}],"replies":[{"embeddable":true,"href":"https:\/\/www.europesays.com\/it\/wp-json\/wp\/v2\/comments?post=507631"}],"version-history":[{"count":0,"href":"https:\/\/www.europesays.com\/it\/wp-json\/wp\/v2\/posts\/507631\/revisions"}],"wp:featuredmedia":[{"embeddable":true,"href":"https:\/\/www.europesays.com\/it\/wp-json\/wp\/v2\/media\/507632"}],"wp:attachment":[{"href":"https:\/\/www.europesays.com\/it\/wp-json\/wp\/v2\/media?parent=507631"}],"wp:term":[{"taxonomy":"category","embeddable":true,"href":"https:\/\/www.europesays.com\/it\/wp-json\/wp\/v2\/categories?post=507631"},{"taxonomy":"post_tag","embeddable":true,"href":"https:\/\/www.europesays.com\/it\/wp-json\/wp\/v2\/tags?post=507631"}],"curies":[{"name":"wp","href":"https:\/\/api.w.org\/{rel}","templated":true}]}}