{"id":507795,"date":"2026-05-25T17:01:40","date_gmt":"2026-05-25T17:01:40","guid":{"rendered":"https:\/\/www.europesays.com\/it\/507795\/"},"modified":"2026-05-25T17:01:40","modified_gmt":"2026-05-25T17:01:40","slug":"elezioni-pistoia-capecchi-e-il-nuovo-sindaco-la-citta-volta-pagina-e-torna-al-centrosinistra","status":"publish","type":"post","link":"https:\/\/www.europesays.com\/it\/507795\/","title":{"rendered":"Elezioni Pistoia, Capecchi \u00e8 il nuovo sindaco. La citt\u00e0 volta pagina e torna al centrosinistra"},"content":{"rendered":"<p>Pistoia, 25 maggio 2026 \u2013\u00a0<strong>Giovanni Capecchi<\/strong>, professore universitario, \u00e8 il nuovo sindaco di\u00a0Pistoia. Il centrosinistra vince sul centrodestra di<strong> Anna Maria Celesti<\/strong>. La citt\u00e0 volta dunque pagina e torna alla larga coalizione dem dopo l\u2019epoca del centrodestra di Tomasi, nel frattempo andato in Regione prima per contendere la poltrona di governatore a Giani, che poi ha vinto, quindi a guidare l\u2019opposizione a Firenze.<\/p>\n<p>Approfondisci:<\/p>\n<p><a href=\"https:\/\/www.lanazione.it\/pistoia\/politica\/capecchi-sindaco-pistoia-icwhhb2n\" class=\"ArticleEmbed_article__embed__content__Jzqnz\" rel=\"nofollow noopener\" target=\"_blank\">Elezioni Pistoia, Capecchi: \u201cUn risultato straordinario, onorato della fiducia dei cittadini\u201d<img alt=\"Elezioni Pistoia, Capecchi: \u201cUn risultato straordinario, onorato della fiducia dei cittadini\u201d\" loading=\"lazy\" width=\"140\" height=\"78\" decoding=\"async\" data-nimg=\"1\" style=\"color:transparent\"  src=\"https:\/\/www.europesays.com\/it\/wp-content\/uploads\/2026\/05\/giovanni-capecchi-luca-castellani-fotocastellani.webp\"\/><\/a> <\/p>\n<p>Capecchi, dopo le prime sei sezioni scrutinate su 100 attualmente \u00e8 intorno al 55% delle preferenze contro il 43% della Celesti. Un margine che porta i dem toscani a esultare. Lo fanno sia il presidente della Regione Eugenio Giani, che <strong>Bernard Dika<\/strong>, sottosegretario alla presidenza. \u201cPistoia ha voltato pagina. Dopo 9 anni di destra, torna il centrosinistra. Giovanni Capecchi \u00e8 il nuovo sindaco. Che gioia enorme\u201d, le parole di Dika.\u00a0&#8220;La vittoria di <strong>Giovanni Capecchi <\/strong>che si sta prospettando a Pistoia \u2013\u00a0dice Giani \u2013\u00a0\u00e8 la vittoria della competenza, dell&#8217;ascolto e del legame con il territorio. I cittadini hanno scelto la concretezza e una visione chiara per il futuro della comunit\u00e0\u201d.<\/p>\n<p>Pi\u00f9 staccato <strong>Fabrizio Mancinelli<\/strong>, che ottiene attualmente poco meno del 2%. Una sfida con i riflettori puntati quella di Pistoia, dove si era chiusa l\u2019esperienza del centrodestra di Alessandro Tomasi dopo la scelta di quest\u2019ultimo di correre per la poltrona di presidente regionale, poltrona poi assegnata dagli elettori a <strong>Eugenio Giani<\/strong>. Anna Maria Celesti, vicesindaca uscente, ha in questi mesi gestito il dopo Tomasi. Qui sotto, la tabella con i risultati in aggiornamento.\u00a0<\/p>\n<p>Le parole di Capecchi <\/p>\n<p>&#8220;Siamo tornati a guidare la citt\u00e0, da domani al lavoro. <strong>Annamaria Celesti<\/strong> mi ha chiamato poco fa per farmi le congratulazioni. \u00c8 stata una bella corsa. Le cittadine e i cittadini hanno scelto e sono onorato di questa loro fiducia \u2013\u00a0sono le parole di <strong>Capecchi<\/strong> \u2013\u00a0Mi aspettavo una vittoria al primo turno, il clima era molto favorevole, ma fino all&#8217;ultimo non ci avrei messo<strong> le mani sul fuoco<\/strong>. Sar\u00e0 un sindaco vicino alla citt\u00e0. L&#8217;imperativo di far partecipare la citt\u00e0 alle scelte in politica pi\u00f9 importanti per me \u00e8 un dovere. Voglio continuare un dialogo con tutte con tutti non chiudermi nelle stanze&#8221;.<\/p>\n<p> <img alt=\"Elezioni Pistoia, Capecchi \u00e8 il nuovo sindaco. La citt\u00e0 volta pagina e torna al centrosinistra\" loading=\"lazy\" width=\"762\" height=\"429\" decoding=\"async\" data-nimg=\"1\" style=\"color:transparent\"  src=\"https:\/\/www.dailymotion.com\/thumbnail\/1280x720\/video\/xab5ciw?f=16%3A9&amp;q=0.75&amp;w=1280\"\/><br \/>\nCapecchi, la vittoria nelle primarie <\/p>\n<p>Giovanni Capecchi aveva vinto le primarie del centrosinistra a met\u00e0 aprile di quest&#8217;anno e si era subito messo a lavorare per la campagna elettorale. <strong>Capecchi<\/strong> aveva battuto Stefania Nesi in una tornata di primarie dall&#8217;alta partecipazione, con <strong>oltre 9300 persone<\/strong> che si erano recati nei punti di voto.<\/p>\n<p>Approfondisci:<\/p>\n<p><a href=\"https:\/\/www.lanazione.it\/politica\/elezioni-toscana-diretta-mj39tiui\" class=\"ArticleEmbed_article__embed__content__Jzqnz\" rel=\"nofollow noopener\" target=\"_blank\">Elezioni in Toscana: diretta delle amministrative. Si scelgono i sindaci in citt\u00e0 chiave<img alt=\"Elezioni in Toscana: diretta delle amministrative. Si scelgono i sindaci in citt\u00e0 chiave\" loading=\"lazy\" width=\"140\" height=\"78\" decoding=\"async\" data-nimg=\"1\" style=\"color:transparent\"  src=\"https:\/\/www.europesays.com\/it\/wp-content\/uploads\/2026\/05\/wef.webp\"\/><\/a> <\/p>\n<p>Capecchi \u00e8 un professore universitario sostenuto dal campo largo del centrosinistra in questa tornata elettorale 2026. In coalizione ci sono anche il <strong>Movimento Cinque Stelle<\/strong> e <strong>Rifondazione Comunista<\/strong>.<\/p>\n<p>L\u2019affluenza \u00e8 in calo in tutta la Toscana, ma Pistoia rappresenta invece <strong>un trend inverso<\/strong>. Qui infatti \u00e8 in leggera crescita con il 56,57%, rispetto al 55,11% precedente.<\/p>\n","protected":false},"excerpt":{"rendered":"Pistoia, 25 maggio 2026 \u2013\u00a0Giovanni Capecchi, professore universitario, \u00e8 il nuovo sindaco di\u00a0Pistoia. Il centrosinistra vince sul centrodestra&hellip;\n","protected":false},"author":3,"featured_media":507796,"comment_status":"","ping_status":"","sticky":false,"template":"","format":"standard","meta":{"footnotes":"","_share_on_mastodon":"0"},"categories":[6],"tags":[75298,2780,1819,14,123,8,1537,90,89,7,15,82,9,83,10,5541,14887,19,13,5583,11,80,84,12,81,85],"class_list":["post-507795","post","type-post","status-publish","format-standard","has-post-thumbnail","category-ultime-notizie","tag-capecchi","tag-centrosinistra","tag-citta","tag-cronaca","tag-elezioni","tag-headlines","tag-it","tag-italia","tag-italy","tag-news","tag-notizie","tag-notizie-di-cronaca","tag-notizie-principali","tag-notiziedicronaca","tag-notizieprincipali","tag-pagina","tag-pistoia","tag-sindaco","tag-titoli","tag-torna","tag-ultime-notizie","tag-ultime-notizie-di-cronaca","tag-ultime-notizie-e-news-di-oggi","tag-ultimenotizie","tag-ultimenotiziedicronaca","tag-ultimenotizieenewsdioggi"],"share_on_mastodon":{"url":"https:\/\/pubeurope.com\/@it\/116636293308880618","error":""},"_links":{"self":[{"href":"https:\/\/www.europesays.com\/it\/wp-json\/wp\/v2\/posts\/507795","targetHints":{"allow":["GET"]}}],"collection":[{"href":"https:\/\/www.europesays.com\/it\/wp-json\/wp\/v2\/posts"}],"about":[{"href":"https:\/\/www.europesays.com\/it\/wp-json\/wp\/v2\/types\/post"}],"author":[{"embeddable":true,"href":"https:\/\/www.europesays.com\/it\/wp-json\/wp\/v2\/users\/3"}],"replies":[{"embeddable":true,"href":"https:\/\/www.europesays.com\/it\/wp-json\/wp\/v2\/comments?post=507795"}],"version-history":[{"count":0,"href":"https:\/\/www.europesays.com\/it\/wp-json\/wp\/v2\/posts\/507795\/revisions"}],"wp:featuredmedia":[{"embeddable":true,"href":"https:\/\/www.europesays.com\/it\/wp-json\/wp\/v2\/media\/507796"}],"wp:attachment":[{"href":"https:\/\/www.europesays.com\/it\/wp-json\/wp\/v2\/media?parent=507795"}],"wp:term":[{"taxonomy":"category","embeddable":true,"href":"https:\/\/www.europesays.com\/it\/wp-json\/wp\/v2\/categories?post=507795"},{"taxonomy":"post_tag","embeddable":true,"href":"https:\/\/www.europesays.com\/it\/wp-json\/wp\/v2\/tags?post=507795"}],"curies":[{"name":"wp","href":"https:\/\/api.w.org\/{rel}","templated":true}]}}