{"id":507957,"date":"2026-05-25T19:25:14","date_gmt":"2026-05-25T19:25:14","guid":{"rendered":"https:\/\/www.europesays.com\/it\/507957\/"},"modified":"2026-05-25T19:25:14","modified_gmt":"2026-05-25T19:25:14","slug":"il-papa-il-cristiano-non-e-un-semplice-filantropo-ma-colui-che-cerca-il-bene-altrui","status":"publish","type":"post","link":"https:\/\/www.europesays.com\/it\/507957\/","title":{"rendered":"Il Papa: il cristiano non \u00e8 un semplice filantropo ma colui che cerca il bene altrui"},"content":{"rendered":"<p>Salutando i membri del Circolo Equestre di Barcellona, impegnato in opere di carit\u00e0, Leone XIV esorta a tenere lo sguardo fisso su Cristo perch\u00e9 \u00e8 nelle persone pi\u00f9 fragili che si trova la sua presenza<\/p>\n<p><b>Vatican News<\/b><\/p>\n<p>L\u2019impegno nella carit\u00e0 per il cristiano \u00e8 il filo conduttore del saluto che il Papa rivolge alla delegazione del Circolo Equestre di Barcellona ricevuta questa mattina, 25 maggio, in Vaticano. Un incontro che arriva nell\u2019anniversario della fondazione del Circolo, nato nel 1856 nella citt\u00e0 catalana da imprenditori impegnati nel campo del sociale. Leone XIV si sofferma sulla condotta di vita per chi crede.<\/p>\n<p>Ogni credente in Cristo \u00e8 chiamato a mantenere la propria esistenza aperta all\u2019azione dello Spirito Santo, in un atteggiamento di instancabile disponibilit\u00e0 a vivere la carit\u00e0 cristiana, virt\u00f9 teologale per la quale amiamo Dio sopra ogni cosa e gli altri come noi stessi, proprio per amore di Dio.<\/p>\n<p><a href=\"https:\/\/www.vatican.va\/content\/leo-xiv\/es\/speeches\/2026\/may\/documents\/20260525-circulo-ecuestre.html\" target=\"_blank\" rel=\"external nofollow noopener\">LEGGI QUI IL TESTO DEL DISCORSO DEL PAPA IN SPAGNOLO<\/a><\/p>\n<p><b>Il cristiano, colui che ama senza interesse<\/b> <\/p>\n<p>L&#8217;apertura all\u2019altro \u00e8 la strada per arrivare a Dio. Un amore che \u00e8 senza secondi fini.<\/p>\n<p>Il cristiano, dunque, non \u00e8 un semplice filantropo, ma una persona compassionevole, che ama disinteressatamente e cerca attivamente il benessere integrale degli altri.<\/p>\n<p><b>Lo sguardo fisso su Cristo<\/b> <\/p>\n<p>Papa Leone pertanto esorta a proseguire sulla strada intrapresa, tenendo presente che nelle persone pi\u00f9 vulnerabili si trova Dio. \u201cIl Signore \u2013 afferma il Pontefice &#8211; vi conceda di crescere nel suo amore\u201d attraverso la dedizione personale agli altri, che vanno accompagnati \u201ccon pazienza e compassione\u201d.<\/p>\n<p>Vi invito a tenere lo sguardo fisso su Cristo, perch\u00e9 solo cos\u00ec \u00e8 possibile riconoscere la sua presenza nei fratelli e nelle sorelle pi\u00f9 piccoli e bisognosi.<\/p>\n","protected":false},"excerpt":{"rendered":"Salutando i membri del Circolo Equestre di Barcellona, impegnato in opere di carit\u00e0, Leone XIV esorta a tenere&hellip;\n","protected":false},"author":3,"featured_media":507958,"comment_status":"","ping_status":"","sticky":false,"template":"","format":"standard","meta":{"footnotes":"","_share_on_mastodon":"0"},"categories":[160],"tags":[56448,14,164,165,166,7,15,1358,33124,6059,11,167,12,168,161,162,163],"class_list":["post-507957","post","type-post","status-publish","format-standard","has-post-thumbnail","category-mondo","tag-carita","tag-cronaca","tag-dal-mondo","tag-dalmondo","tag-mondo","tag-news","tag-notizie","tag-papa-leone-xiv","tag-poverta","tag-spagna","tag-ultime-notizie","tag-ultime-notizie-di-mondo","tag-ultimenotizie","tag-ultimenotiziedimondo","tag-world","tag-world-news","tag-worldnews"],"share_on_mastodon":{"url":"https:\/\/pubeurope.com\/@it\/116636858993400810","error":""},"_links":{"self":[{"href":"https:\/\/www.europesays.com\/it\/wp-json\/wp\/v2\/posts\/507957","targetHints":{"allow":["GET"]}}],"collection":[{"href":"https:\/\/www.europesays.com\/it\/wp-json\/wp\/v2\/posts"}],"about":[{"href":"https:\/\/www.europesays.com\/it\/wp-json\/wp\/v2\/types\/post"}],"author":[{"embeddable":true,"href":"https:\/\/www.europesays.com\/it\/wp-json\/wp\/v2\/users\/3"}],"replies":[{"embeddable":true,"href":"https:\/\/www.europesays.com\/it\/wp-json\/wp\/v2\/comments?post=507957"}],"version-history":[{"count":0,"href":"https:\/\/www.europesays.com\/it\/wp-json\/wp\/v2\/posts\/507957\/revisions"}],"wp:featuredmedia":[{"embeddable":true,"href":"https:\/\/www.europesays.com\/it\/wp-json\/wp\/v2\/media\/507958"}],"wp:attachment":[{"href":"https:\/\/www.europesays.com\/it\/wp-json\/wp\/v2\/media?parent=507957"}],"wp:term":[{"taxonomy":"category","embeddable":true,"href":"https:\/\/www.europesays.com\/it\/wp-json\/wp\/v2\/categories?post=507957"},{"taxonomy":"post_tag","embeddable":true,"href":"https:\/\/www.europesays.com\/it\/wp-json\/wp\/v2\/tags?post=507957"}],"curies":[{"name":"wp","href":"https:\/\/api.w.org\/{rel}","templated":true}]}}