{"id":508291,"date":"2026-05-26T00:17:24","date_gmt":"2026-05-26T00:17:24","guid":{"rendered":"https:\/\/www.europesays.com\/it\/508291\/"},"modified":"2026-05-26T00:17:24","modified_gmt":"2026-05-26T00:17:24","slug":"the-boys-le-differenze-tra-il-finale-della-serie-tv-e-del-fumetto-i-sky-tg24","status":"publish","type":"post","link":"https:\/\/www.europesays.com\/it\/508291\/","title":{"rendered":"The Boys, le differenze tra il finale della serie tv e del fumetto I Sky TG24"},"content":{"rendered":"<p>Il finale della serie televisiva ha scelto una strada molto diversa rispetto all\u2019opera originale a fumetti, pur mantenendo alcuni temi centrali del materiale di partenza. Vi avvertiamo che questo articolo contiene spoiler sulla stagione finale dello show, compreso chiaramente il finale vero e proprio, quindi se non avete ancora guardato fino all&#8217;ultimo frame la quinta e ultima stagione &#8211; e non volete rovinarvi la sorpresa &#8211; non procedete con la lettura di ci\u00f2 che segue<\/p>\n<p><strong>***Attenzione: seguono spoiler della quinta e ultima stagione di The Boys e del finale***<\/strong><\/p>\n<p>Dopo sette anni, <a data-intcmp=\"skytg24_foglia articolo_interlink_text\" href=\"https:\/\/tg24.sky.it\/argomenti\/the-boys\" target=\"_self\" rel=\"nofollow noopener\">The Boys<\/a> ha chiuso definitivamente il proprio percorso televisivo con la conclusione della quinta stagione, mettendo fine a una delle produzioni pi\u00f9 rappresentative di Prime Video. L\u2019universo creato da Garth Ennis, per\u00f2, non si esaurisce qui: il franchise continuer\u00e0 a vivere attraverso altri progetti collegati. A terminare \u00e8 invece il viaggio di un gruppo di personaggi che, stagione dopo stagione, ha conquistato il pubblico.<\/p>\n<p>Il finale della serie televisiva ha scelto una strada molto diversa rispetto all\u2019opera originale a fumetti, pur mantenendo alcuni temi centrali del materiale di partenza. Lo scontro tra Butcher e Patriota, il destino dei The Boys e la conclusione delle vicende di Hughie e Starlight assumono infatti contorni profondamente differenti tra le due versioni.<\/p>\n<p>La serie targata Amazon si chiude con toni sorprendentemente pi\u00f9 luminosi rispetto alla brutalit\u00e0 del fumetto, modificando radicalmente alcuni snodi fondamentali e lasciando fuori uno dei colpi di scena pi\u00f9 sconvolgenti ideati da Garth Ennis. Restano per\u00f2 intatti i protagonisti, le loro ossessioni e il conflitto morale che attraversa tutta la storia.<\/p>\n<p>\t\t \tPatriota e il segreto di Black Noir<\/p>\n<p>La differenza pi\u00f9 importante tra fumetto e adattamento televisivo riguarda senza dubbio Patriota e il ruolo di Black Noir. Nella serie tv, il confronto finale tra Patriota e Butcher culmina in uno scontro in cui entrambi perdono i propri poteri a causa dell\u2019intervento di Kimiko. Privati della loro superiorit\u00e0 fisica, i due finiscono sullo stesso piano e Butcher riesce infine a eliminare un Patriota ormai agonizzante e disperato.<\/p>\n<p>La scena in cui Patriota implora piet\u00e0 davanti alle telecamere rappresenta uno dei momenti pi\u00f9 forti dell\u2019episodio conclusivo. Tutta questa sequenza, compresa la perdita dei poteri e il coinvolgimento di Ryan, nasce per\u00f2 direttamente dalle idee di Eric Kripke e non dal fumetto originale.<\/p>\n<p>Nell\u2019opera di Garth Ennis, infatti, la vicenda segue un percorso completamente diverso. Patriota precipita nella follia perch\u00e9 non riesce a ricordare le atrocit\u00e0 di cui viene accusato da Butcher e dagli altri, compresi lo stupro e l\u2019omicidio di Becca. Solo pi\u00f9 tardi emerge la verit\u00e0: Black Noir \u00e8 in realt\u00e0 un clone di Patriota creato dalla Vought come estrema misura di sicurezza nel caso in cui il supereroe fosse diventato incontrollabile.<\/p>\n<p>Il clone, per\u00f2, si rivela ancora pi\u00f9 mostruoso dell\u2019originale. \u00c8 proprio Black Noir ad aver commesso gli atti pi\u00f9 indicibili, arrivando persino a mangiare feti, e ad aver orchestrato l\u2019intera spirale di violenza manipolando Patriota attraverso fotografie e prove false. Nel fumetto \u00e8 Black Noir a uccidere Patriota durante l\u2019assalto alla Casa Bianca, prima di essere massacrato da Butcher.<\/p>\n<p>La rivelazione cambia completamente il significato della storia: Patriota resta un villain spietato, ma diventa anche vittima di una macchinazione costruita dalla stessa Vought.<\/p>\n<p>\t\t\t<a class=\"c-inline-card j-inline-card c-inline-card--with-image\" href=\"https:\/\/tg24.sky.it\/spettacolo\/serie-tv\/2026\/04\/07\/the-boys-quinta-stagione\" rel=\"follow nofollow noopener\" data-intcmp=\"skytg24_articolo_approfondimenti_inline\" target=\"_blank\"><\/p>\n<p>\t\t\t         <img decoding=\"async\" crossorigin=\"anonymous\" alt=\"The Boys 5\" src=\"https:\/\/www.europesays.com\/it\/wp-content\/uploads\/2026\/05\/the_boys_5_webphoto.jpg\"  loading=\"lazy\"  bad-src=\"https:\/\/www.europesays.com\/it\/wp-content\/uploads\/2026\/05\/the_boys_5_webphoto.jpg\"\/><\/p>\n<p>\n\t\t\t         Approfondimento<br \/>\n\t\t\t         The Boys, arriva la quinta e ultima stagione: dov\u2019eravamo rimasti\n\t\t\t      <\/p>\n<p>\t\t\t<\/a><\/p>\n<p>\t\t \tIl destino di Butcher<\/p>\n<p>Anche Billy Butcher riceve un trattamento molto diverso nelle due versioni. Nella serie televisiva interpretata da Karl Urban, il personaggio riesce a ottenere la propria vendetta, ma il prezzo da pagare \u00e8 altissimo. Ryan lo abbandona, Terrore muore nel sonno e Butcher, ormai consumato dal dolore, decide di dirigersi verso la Torre della Vought per diffondere il virus capace di sterminare tutti i Super ancora in vita.<\/p>\n<p>A fermarlo \u00e8 Hughie, che continua fino all\u2019ultimo a rappresentare la sua bussola morale. Quando Butcher vede nel ragazzo la stessa innocenza ostinata che gli ricordava il fratello Lenny, esita all\u2019ultimo momento. Hughie, per\u00f2, non comprende quel tentennamento e gli spara per impedire il genocidio dei supereroi. Butcher muore dissanguato, riconoscendo il coraggio dell\u2019amico.<\/p>\n<p>\u00a0<\/p>\n<p>Nel fumetto il personaggio \u00e8 ancora pi\u00f9 estremo e crudele. Dopo la morte di Patriota e Black Noir, Butcher porta avanti il suo piano senza pi\u00f9 alcun limite morale, deciso a cancellare per sempre il gene dei super dal mondo intero attraverso il virus letale.<\/p>\n<p>Per impedire che qualcuno possa fermarlo, elimina persino i suoi stessi compagni. Latte Materno scopre prima di morire che Butcher ha assassinato la sua ex moglie e progettava di fare lo stesso con la figlia. Frenchie e Kimiko vengono invece uccisi nell\u2019esplosione della base dei Boys.<\/p>\n<p>L\u2019ultimo confronto avviene tra Butcher e Hughie sull\u2019Empire State Building. Durante lo scontro, Butcher manipola Hughie facendogli credere di aver assassinato i suoi genitori. Accecato dalla rabbia, Hughie lo accoltella al petto, salvo poi scoprire che si trattava soltanto dell\u2019ennesimo inganno. Butcher muore soddisfatto, mentre il virus non viene mai rilasciato.<\/p>\n<p>\t\t\t<a class=\"c-inline-card j-inline-card c-inline-card--with-image\" href=\"https:\/\/tg24.sky.it\/spettacolo\/serie-tv\/2026\/03\/31\/the-boys-prequel-vought-rising-cast\" rel=\"follow nofollow noopener\" data-intcmp=\"skytg24_articolo_approfondimenti_inline\" target=\"_blank\"><\/p>\n<p>\t\t\t         <img decoding=\"async\" crossorigin=\"anonymous\" alt=\"\" src=\"https:\/\/www.europesays.com\/it\/wp-content\/uploads\/2026\/04\/vought-rising-cast-attori.jpg\"  loading=\"lazy\"  bad-src=\"https:\/\/www.europesays.com\/it\/wp-content\/uploads\/2026\/04\/vought-rising-cast-attori.jpg\"\/><\/p>\n<p>\n\t\t\t         Approfondimento<br \/>\n\t\t\t         The Boys, quattro new entry nel cast della serie prequel Vought Rising\n\t\t\t      <\/p>\n<p>\t\t\t<\/a><\/p>\n<p>\t\t \tFrenchie, Kimiko e Latte Materno<\/p>\n<p>Nel fumetto tutti i membri dei The Boys assumono il siero V per poter competere con i Super. Questa scelta li rende vulnerabili al virus progettato da Butcher e contribuisce alla tragedia finale.<\/p>\n<p>Frenchie e Kimiko, chiamata \u201cla Femmina\u201d nell\u2019opera cartacea, mantengono fino all\u2019ultimo un rapporto sostanzialmente platonico. Solo poco prima della morte, Frenchie confessa di aver amato Kimiko fin dal primo momento in cui l\u2019ha vista.<\/p>\n<p>La serie tv sceglie invece una conclusione molto pi\u00f9 emotiva e meno nichilista. Frenchie muore sacrificandosi per salvare Kimiko e Sage, dichiarando ancora una volta il proprio amore. Nell\u2019episodio conclusivo riappare poi come una sorta di presenza immaginaria nei pensieri di Kimiko, incoraggiandola a combattere Patriota seguendo il cuore e non soltanto la rabbia.<\/p>\n<p>Kimiko, sopravvissuta agli eventi finali, riesce infine a realizzare il sogno condiviso con Frenchie: trasferirsi in Europa insieme a un cane, lo stesso animale che Frenchie desiderava adottare, nel tentativo di superare il dolore del lutto.<\/p>\n<p>Latte Materno, invece, riceve un epilogo decisamente pi\u00f9 sereno rispetto alla controparte fumettistica. Nella serie tv Butcher non arriva mai a minacciare la sua famiglia e il personaggio interpretato da Laz Alonso riesce persino a ricostruirsi una vita, sposandosi nuovamente e accogliendo Ryan nella propria famiglia.<\/p>\n<p>\t\t\t<a class=\"c-inline-card j-inline-card c-inline-card--with-image\" href=\"https:\/\/tg24.sky.it\/spettacolo\/serie-tv\/video\/2026\/03\/06\/the-boys-5-trailer-1079879\" rel=\"follow nofollow noopener\" data-intcmp=\"skytg24_articolo_approfondimenti_inline\" target=\"_blank\"><\/p>\n<p>\t\t\t         <img decoding=\"async\" crossorigin=\"anonymous\" alt=\"\" src=\"https:\/\/www.europesays.com\/it\/wp-content\/uploads\/2026\/05\/Webphoto_The_Boys_011530_02.jpg\"  loading=\"lazy\"  bad-src=\"https:\/\/www.europesays.com\/it\/wp-content\/uploads\/2026\/05\/Webphoto_The_Boys_011530_02.jpg\"\/><\/p>\n<p>\n\t\t\t         Approfondimento<br \/>\n\t\t\t         The Boys, il trailer della quinta stagione della serie tv\n\t\t\t      <\/p>\n<p>\t\t\t<\/a><\/p>\n<p>\t\t \tLa tragica fine di Terrore<\/p>\n<p>Anche Terrore, il cane di Butcher, ha un destino drammatico in entrambe le versioni della storia, sebbene con modalit\u00e0 differenti.<\/p>\n<p>Nella serie televisiva l\u2019animale muore serenamente nel sonno, in una stanza soffocata dal caldo. Nel fumetto, invece, la sua morte \u00e8 molto pi\u00f9 violenta: Terrore viene assassinato da Black Noir dopo una missione dei Boys legata a uno scandalo che coinvolgeva Jack from Jupiter, personaggio mai realmente introdotto nella serie tv se non attraverso un piccolo easter egg.<\/p>\n<p>Convinto che il colpevole sia proprio Jack from Jupiter, Butcher lo interroga e lo uccide in preda alla rabbia. Solo successivamente emerger\u00e0 che il vero responsabile era Black Noir.<\/p>\n<p>\t\t\t<a class=\"c-inline-card j-inline-card c-inline-card--with-image\" href=\"https:\/\/tg24.sky.it\/spettacolo\/serie-tv\/2024\/10\/17\/the-boys-5-mason-dye\" rel=\"follow nofollow noopener\" data-intcmp=\"skytg24_articolo_approfondimenti_inline\" target=\"_blank\"><\/p>\n<p>\t\t\t         <img decoding=\"async\" crossorigin=\"anonymous\" alt=\"\" src=\"https:\/\/www.europesays.com\/it\/wp-content\/uploads\/2026\/05\/mason-dye-ipa.jpg\"  loading=\"lazy\"  bad-src=\"https:\/\/www.europesays.com\/it\/wp-content\/uploads\/2026\/05\/mason-dye-ipa.jpg\"\/><\/p>\n<p>\n\t\t\t         Approfondimento<br \/>\n\t\t\t         The Boys 5, Mason Dye si aggiunge al cast\n\t\t\t      <\/p>\n<p>\t\t\t<\/a><\/p>\n<p>\t\t \tAbisso, unico sopravvissuto nei fumetti<\/p>\n<p>Tra i membri originali dei Sette, Abisso rappresenta un altro personaggio radicalmente modificato dall\u2019adattamento televisivo.<\/p>\n<p>Nel fumetto \u00e8 l\u2019unico dei Sette a sopravvivere. Pur essendosi macchiato di comportamenti orribili, non prende parte al colpo di stato organizzato da Patriota e continua la propria attivit\u00e0 entrando in un nuovo gruppo di supereroi controllato dalla Vought.<\/p>\n<p>\u00a0<\/p>\n<p>La serie tv decide invece di chiudere definitivamente la sua storia. Dopo lo scontro con Starlight, Abisso viene ucciso dai pesci che aveva sempre considerato suoi alleati. Gli animali gli rinfacciano anche la morte del polpo Ambrosius e la strage di oltre 10000 creature marine provocata da Black Noir II.<\/p>\n<p>\t\t\t<a class=\"c-inline-card j-inline-card c-inline-card--with-image\" href=\"https:\/\/tg24.sky.it\/spettacolo\/serie-tv\/2025\/08\/11\/gen-v-2-hamish-linklater-trama-the-boys\" rel=\"follow nofollow noopener\" data-intcmp=\"skytg24_articolo_approfondimenti_inline\" target=\"_blank\"><\/p>\n<p>\t\t\t         <img decoding=\"async\" crossorigin=\"anonymous\" alt=\"\" src=\"https:\/\/www.europesays.com\/it\/wp-content\/uploads\/2026\/05\/gen-v-2-wp.jpg\"  loading=\"lazy\"  bad-src=\"https:\/\/www.europesays.com\/it\/wp-content\/uploads\/2026\/05\/gen-v-2-wp.jpg\"\/><\/p>\n<p>\n\t\t\t         Approfondimento<br \/>\n\t\t\t         Gen V 2, Hamish Linklater anticipa come The Boys influenzer\u00e0 la trama\n\t\t\t      <\/p>\n<p>\t\t\t<\/a><\/p>\n<p>\t\t \tHughie e Starlight verso una nuova vita<\/p>\n<p>Il finale pi\u00f9 positivo \u00e8 quello dedicato a Hughie e Starlight.<\/p>\n<p>Nella serie televisiva i due scelgono di lasciarsi alle spalle il mondo dei supereroi. Hughie riapre il negozio tecnologico della famiglia Campbell e rifiuta l\u2019offerta della CIA di continuare a occuparsi dei Super ribelli. Annie, incinta della loro futura figlia Robin, continua ancora a combattere il crimine, seppur con toni molto pi\u00f9 leggeri rispetto al passato.<\/p>\n<p>\u00a0<\/p>\n<p>Nel fumetto, invece, Hughie e Annie \u2014 chiamata Angie nell\u2019opera originale \u2014 attraversano inizialmente un periodo di separazione. Nell\u2019epilogo, per\u00f2, tornano insieme, si sposano e si trasferiscono in Scozia. Hughie continua comunque a monitorare il mondo dei supereroi, utilizzando l\u2019esperienza maturata con i The Boys per cercare di fare del bene.<\/p>\n<p>In entrambe le versioni, Hughie rimane il personaggio pi\u00f9 positivo della storia, l\u2019unica figura capace di rappresentare un freno morale per Billy Butcher.<\/p>\n<p>\t\t\t<a class=\"c-inline-card j-inline-card c-inline-card--with-image\" href=\"https:\/\/tg24.sky.it\/spettacolo\/serie-tv\/2024\/06\/13\/the-boys-4-cast\" rel=\"follow nofollow noopener\" data-intcmp=\"skytg24_articolo_approfondimenti_inline\" target=\"_blank\"><\/p>\n<p>\t\t\t         <img decoding=\"async\" crossorigin=\"anonymous\" alt=\"\" src=\"https:\/\/www.europesays.com\/it\/wp-content\/uploads\/2026\/05\/PrimeVideo_TheBoys_Locandina_1.jpg\"  loading=\"lazy\"  bad-src=\"https:\/\/www.europesays.com\/it\/wp-content\/uploads\/2026\/05\/PrimeVideo_TheBoys_Locandina_1.jpg\"\/><\/p>\n<p>\n\t\t\t         Approfondimento<br \/>\n\t\t\t         The Boys, il cast della stagione 4 della serie tv\n\t\t\t      <\/p>\n<p>\t\t\t<\/a><\/p>\n<p>\t\t \tDue finali diversi, ma con lo stesso nucleo tematico<\/p>\n<p>Il finale della serie Amazon conserva alcuni elementi centrali del fumetto, ma ne modifica profondamente il messaggio. Nell\u2019opera di Garth Ennis emerge con forza il ruolo della Vought come artefice dell\u2019intera tragedia: il controllo ossessivo della multinazionale e la creazione di Black Noir innescano una spirale di vendetta, follia e morte che travolge tutti i protagonisti.<\/p>\n<p>La serie televisiva, invece, attribuisce tutte le responsabilit\u00e0 a Patriota, dipingendo Butcher come un eroe tragico e imperfetto piuttosto che come il sadico autodistruttivo dei fumetti. Anche il finale assume toni molto pi\u00f9 tradizionali e meno cinici rispetto all\u2019opera originale.<\/p>\n<p>\u00a0<\/p>\n<p>Nel fumetto, Butcher arriva perfino a riflettere sul fatto che l\u2019aggressivit\u00e0 maschile conduca inevitabilmente alla violenza senza senso, arrivando ad affermare: \u201cmen are boys.\u201d<\/p>\n<p>La serie sceglie invece una conclusione pi\u00f9 conciliante, lasciando aperta la sopravvivenza della Vought e del problema dei supereroi, ma concedendo ai protagonisti principali la possibilit\u00e0 di una vita normale.<\/p>\n<p>Resta ora da capire se i prossimi spin-off riusciranno a convincere anche gli spettatori rimasti delusi dal finale oppure se segneranno davvero la conclusione definitiva dell\u2019universo narrativo della Vought Entertainment.<\/p>\n<p>\t\t\t<a class=\"c-inline-card j-inline-card c-inline-card--with-image\" href=\"https:\/\/tg24.sky.it\/spettacolo\/serie-tv\/2024\/06\/12\/the-boys-5-ultima-stagione\" rel=\"follow nofollow noopener\" data-intcmp=\"skytg24_articolo_approfondimenti_inline\" target=\"_blank\"><\/p>\n<p>\t\t\t         <img decoding=\"async\" crossorigin=\"anonymous\" alt=\"\" src=\"https:\/\/www.europesays.com\/it\/wp-content\/uploads\/2026\/05\/the_boys_5.jpg\"  loading=\"lazy\"  bad-src=\"https:\/\/www.europesays.com\/it\/wp-content\/uploads\/2026\/05\/the_boys_5.jpg\"\/><\/p>\n<p>\n\t\t\t         Approfondimento<br \/>\n\t\t\t         The Boys, la quinta stagione della serie tv sar\u00e0 l&#8217;ultima\n\t\t\t      <\/p>\n<p>\t\t\t<\/a><\/p>\n<p>\t            TAG:<\/p>\n","protected":false},"excerpt":{"rendered":"Il finale della serie televisiva ha scelto una strada molto diversa rispetto all\u2019opera originale a fumetti, pur mantenendo&hellip;\n","protected":false},"author":3,"featured_media":508292,"comment_status":"","ping_status":"","sticky":false,"template":"","format":"standard","meta":{"footnotes":"","_share_on_mastodon":"0"},"categories":[1444],"tags":[203,12453,23904,204,1537,90,89,12341,253],"class_list":["post-508291","post","type-post","status-publish","format-standard","has-post-thumbnail","category-tv","tag-entertainment","tag-fumetti","tag-fumetto","tag-intrattenimento","tag-it","tag-italia","tag-italy","tag-prime-video","tag-tv"],"share_on_mastodon":{"url":"https:\/\/pubeurope.com\/@it\/116638007876017053","error":""},"_links":{"self":[{"href":"https:\/\/www.europesays.com\/it\/wp-json\/wp\/v2\/posts\/508291","targetHints":{"allow":["GET"]}}],"collection":[{"href":"https:\/\/www.europesays.com\/it\/wp-json\/wp\/v2\/posts"}],"about":[{"href":"https:\/\/www.europesays.com\/it\/wp-json\/wp\/v2\/types\/post"}],"author":[{"embeddable":true,"href":"https:\/\/www.europesays.com\/it\/wp-json\/wp\/v2\/users\/3"}],"replies":[{"embeddable":true,"href":"https:\/\/www.europesays.com\/it\/wp-json\/wp\/v2\/comments?post=508291"}],"version-history":[{"count":0,"href":"https:\/\/www.europesays.com\/it\/wp-json\/wp\/v2\/posts\/508291\/revisions"}],"wp:featuredmedia":[{"embeddable":true,"href":"https:\/\/www.europesays.com\/it\/wp-json\/wp\/v2\/media\/508292"}],"wp:attachment":[{"href":"https:\/\/www.europesays.com\/it\/wp-json\/wp\/v2\/media?parent=508291"}],"wp:term":[{"taxonomy":"category","embeddable":true,"href":"https:\/\/www.europesays.com\/it\/wp-json\/wp\/v2\/categories?post=508291"},{"taxonomy":"post_tag","embeddable":true,"href":"https:\/\/www.europesays.com\/it\/wp-json\/wp\/v2\/tags?post=508291"}],"curies":[{"name":"wp","href":"https:\/\/api.w.org\/{rel}","templated":true}]}}