{"id":508315,"date":"2026-05-26T00:36:14","date_gmt":"2026-05-26T00:36:14","guid":{"rendered":"https:\/\/www.europesays.com\/it\/508315\/"},"modified":"2026-05-26T00:36:14","modified_gmt":"2026-05-26T00:36:14","slug":"antwerp-port-epic-dalla-fuga-spunta-hagenes-il-norvegese-trionfa-davanti-a-miquel-e-de-bondt","status":"publish","type":"post","link":"https:\/\/www.europesays.com\/it\/508315\/","title":{"rendered":"ANTWERP PORT EPIC, DALLA FUGA SPUNTA HAGENES: IL NORVEGESE TRIONFA DAVANTI A MIQUEL E DE BONDT"},"content":{"rendered":"<p class=\"MsoNormal\" style=\"text-align: justify;\">A due anni di distanza dal successo di <b>Alexander Kristoff<\/b>, un norvegese torna ad imporsi alla <b>Antwerp Port Epic<\/b>. A trionfare sul traguardo della nona edizione dell\u2019esigente classica belga \u00e8 stato infatti <b>Per Strand Hagenes (Team Visma Lease a Bike)<\/b> che, grazie a un allungo da finisseur ottimamente portato all&#8217;intrno dell\u2019ultimo dei 192 chilometri di gara, \u00e8 andato ad esultare davanti a <b>Pau Miquel (Bahrain Victorious)<\/b> e <b>Dries De Bondt (Jayco AlUla).<\/b>\n            <\/p>\n<p class=\"MsoNormal\" style=\"text-align: justify;\"><b>LA CORSA<\/b><\/p>\n<p class=\"MsoNormal\" style=\"text-align: justify;\">La gara, contraddistinta da un susseguirsi di cadute e forature per via dei tanti chilometri su pav\u00e9 e sterrato (una settantina in tutto) inseriti nel percorso, si \u00e8 decisa a 43 chilometri dal termine quando, ricucendo su un <b>Pau Miquel (Bahrain Victorious)<\/b> partito quattro chilometri prima, si \u00e8 formato in testa un drappello comprendente <b>Victor Van de Putte (Lotto Intermarch\u00e8), Martin Svr\u010dek (Soudal Quick-Step), Dries De Bondt (Jayco AlUla), Per Strand Hagenes (Visma | Lease a Bike), Brent Van Moer (Q36.5 Pro Cycling), Ward Vanhoof (Flanders\u2013Baloise), Sandy Dujardin (TotalEnergies)<\/b> e un <b>Toon Vandebosch (Alpecin &#8211; Premier Tech)<\/b> che, appiedato a una foratura, \u00e8 stato presto sostituito al comando da <b>Alexis Renard (Cofidis),<\/b> bravo a rientrare tutto solo sui primi in un secondo momento.<\/p>\n<p class=\"MsoNormal\" style=\"text-align: justify;\">I nove, a questo punto, hanno ottenuto fino a 50 secondi di vantaggio sul plotone che, guidato nella fase d\u2019inseguimento dalla <b>Soudal Quick Step<\/b> di <b>Tim Merlier<\/b>, una volta tornato a una trentina di secondi non \u00e8 pi\u00f9 riuscito pi\u00f9 a limare alcunch\u00e9 ai battistrada. Quest\u2019ultimi, dunque, hanno proseguito di comune accordo fino ai -12,6 chilometri dall\u2019arrivo quando <b>Hagenes<\/b>, attaccando con <b>Svrcek<\/b>, ha rotto l\u2019armonia in testa alla corsa.<\/p>\n<p class=\"MsoNormal\" style=\"text-align: justify;\">Rintuzzato il loro primo tentativo, il duo (questa volta accompagnato anche da <b>De Bondt<\/b>) ci ha dunque riprovato ai -8 km ma, anche questa volta, senza sorprendere gli avversari di giornata. Ricompattatasi nuovamente la situazione davanti, negli ultimi cinquemila metri allora prima <b>De Bondt<\/b> e poi per ben due volte il tenace <b>Van Moer<\/b> hanno cercato senza fortuna di prendere il largo in solitaria, intento questo in cui invece, azzeccando il momento giusto, ha avuto successo Hagenes il quale, partendo come una scheggia poco prima del cartello dei 500 metri al traguardo, \u00e8 andato a prendersi di forza la vittoria numero quattro della carriera, interrompendo un digiuno che durava dal 3 ottobre 2023, data del suo ultimo trionfo allo <b>Sparkassen M\u00fcnsterland Giro<\/b>.<\/p>\n<p class=\"MsoNormal\" style=\"text-align: justify;\"><b>ORDINE D\u2019ARRIVO<\/b><\/p>\n<p class=\"MsoNormal\" style=\"text-align: justify;\">1. Per Strand Hagenes (NOR\/Team Visma Lease a Bike) &#8211; 4:26:19<\/p>\n<p class=\"MsoNormal\" style=\"text-align: justify;\">2. Pau Miquel (ESP\/Bahrain-Victorious) &#8211; s.t.<\/p>\n<p class=\"MsoNormal\" style=\"text-align: justify;\">3. Dries De Bondt (BEL\/Jayco AlUla) &#8211; s.t.<\/p>\n<p class=\"MsoNormal\" style=\"text-align: justify;\">4. Sandy Dujardin (FRA\/TotalEnergies) &#8211; s.t.<\/p>\n<p class=\"MsoNormal\" style=\"text-align: justify;\">5. Alexis Renard (FRA\/Cofidis) &#8211; s.t.<\/p>\n<p class=\"MsoNormal\" style=\"text-align: justify;\">6. Victor van de Putte (BEL\/Lotto Intermarch\u00e9) &#8211; s.t.<\/p>\n<p class=\"MsoNormal\" style=\"text-align: justify;\">7. Martin Svrcek (SVK\/Soudal Quick-Step) &#8211; s.t.<\/p>\n<p class=\"MsoNormal\" style=\"text-align: justify;\">8. Ward Vanhoof (BEL\/Team Flanders Baloise) a 0:02<\/p>\n<p class=\"MsoNormal\" style=\"text-align: justify;\">9. Brent Van Moer (BEL\/Pinarello Q36.5) a 0:02<\/p>\n<p class=\"MsoNormal\" style=\"text-align: justify;\">10. Tim Merlier (BEL\/Soudal Quick-Step) a 0:34<\/p>\n","protected":false},"excerpt":{"rendered":"A due anni di distanza dal successo di Alexander Kristoff, un norvegese torna ad imporsi alla Antwerp Port&hellip;\n","protected":false},"author":3,"featured_media":508316,"comment_status":"","ping_status":"","sticky":false,"template":"","format":"standard","meta":{"footnotes":"","_share_on_mastodon":"0"},"categories":[1456],"tags":[281557,1824,1825,281556,1537,90,89,35092,245,244,41374],"class_list":["post-508315","post","type-post","status-publish","format-standard","has-post-thumbnail","category-ciclismo","tag-antwerp-port-epic","tag-ciclismo","tag-cycling","tag-hagenes","tag-it","tag-italia","tag-italy","tag-miquel","tag-sport","tag-sports","tag-visma"],"share_on_mastodon":{"url":"https:\/\/pubeurope.com\/@it\/116638081644041532","error":""},"_links":{"self":[{"href":"https:\/\/www.europesays.com\/it\/wp-json\/wp\/v2\/posts\/508315","targetHints":{"allow":["GET"]}}],"collection":[{"href":"https:\/\/www.europesays.com\/it\/wp-json\/wp\/v2\/posts"}],"about":[{"href":"https:\/\/www.europesays.com\/it\/wp-json\/wp\/v2\/types\/post"}],"author":[{"embeddable":true,"href":"https:\/\/www.europesays.com\/it\/wp-json\/wp\/v2\/users\/3"}],"replies":[{"embeddable":true,"href":"https:\/\/www.europesays.com\/it\/wp-json\/wp\/v2\/comments?post=508315"}],"version-history":[{"count":0,"href":"https:\/\/www.europesays.com\/it\/wp-json\/wp\/v2\/posts\/508315\/revisions"}],"wp:featuredmedia":[{"embeddable":true,"href":"https:\/\/www.europesays.com\/it\/wp-json\/wp\/v2\/media\/508316"}],"wp:attachment":[{"href":"https:\/\/www.europesays.com\/it\/wp-json\/wp\/v2\/media?parent=508315"}],"wp:term":[{"taxonomy":"category","embeddable":true,"href":"https:\/\/www.europesays.com\/it\/wp-json\/wp\/v2\/categories?post=508315"},{"taxonomy":"post_tag","embeddable":true,"href":"https:\/\/www.europesays.com\/it\/wp-json\/wp\/v2\/tags?post=508315"}],"curies":[{"name":"wp","href":"https:\/\/api.w.org\/{rel}","templated":true}]}}