{"id":508376,"date":"2026-05-26T01:31:20","date_gmt":"2026-05-26T01:31:20","guid":{"rendered":"https:\/\/www.europesays.com\/it\/508376\/"},"modified":"2026-05-26T01:31:20","modified_gmt":"2026-05-26T01:31:20","slug":"addio-a-lino-carletto-leggenda-del-ciclismo-italiano","status":"publish","type":"post","link":"https:\/\/www.europesays.com\/it\/508376\/","title":{"rendered":"ADDIO A LINO CARLETTO, LEGGENDA DEL CICLISMO ITALIANO"},"content":{"rendered":"<p>            <a class=\"category\" href=\"https:\/\/www.tuttobiciweb.it\/articles\/category\/LUTTO\" itemprop=\"about\" rel=\"nofollow noopener\" target=\"_blank\">LUTTO<\/a> | 25\/05\/2026 | 09:43<\/p>\n<p><strong>Il mondo del ciclismo dice addio all\u2019ex professionista Lino Carletto,<\/strong> 82 anni, che si \u00e8 spento sabato a Isola della Scala. Nato a\u00a0Vigasio il 20 luglio 1943, dopo aver partecipato al Campionato del Mondo dilettanti del 1966, Carletto \u00e8 passato professionista a settembre dello stesso anno con la <strong>Salamini<\/strong> mettendosi in evidenza con l&#8217;8\u00b0 posto alla Coppa Agostoni e il 12\u00b0 al Giro di Lombardia.\n            <\/p>\n<p>L&#8217;anno successivo, confermato alla Salamini, ottiene i<strong>l suo primo ed unico successo da professionista vincendo il Gp Cemab a Mirandola<\/strong>. Ottiene inoltre importanti piazzamenti e al suo primo Giro d&#8217;Italia \u00e8 20\u00b0. Nel 1968 \u00e8 ingaggiato dalla <strong>Salvarani<\/strong> e partecipa, concludendoli, al Giro e al Tour. Viene convocato in Nazionale per i Mondiali, vinti da Adorni, dove si ritira dopo aver comunque dato il suo valido contributo alla causa azzurra.\n            <\/p>\n<p>Nel 1969 al Giro di Romandia sfiora il successo (2\u00b0 in una tappa) e contribuisce alla <strong>vittoria nella cronosquadre della Salvarani<\/strong> (con Gimondi e Dalla Bona). Al Giro \u00e8 nuovamente ottimo protagonista e lo conclude in 19a posizione. \u00c8 professionista ancora per due stagioni con la Salvarani, ma non ottiene pi\u00f9 risultati di rilievo e al termine della stagione 1971 conclude la sua onorevole carriera.<\/p>\n<p>I funerali di Lino Carletto si svolgeranno nella Chiesa Parrocchiale di Caselle di Isola della Scala mercoled\u00ec alle ore 16.<\/p>\n<p>Alla moglie Gabriella, ai figli Felice, Paolo e Luca e alle loro famiglie giungano le condoglianze della redazione di tuttoBICI e tuttobiciweb.<\/p>\n<p>\n    <a href=\"https:\/\/www.tuttobiciweb.it\/article\/2026\/05\/25\/1779703004\/cycling-cycling-history-professionals-1960s-obituary?lang=en\" rel=\"nofollow noopener\" target=\"_blank\"><img decoding=\"async\" src=\"https:\/\/www.europesays.com\/it\/wp-content\/uploads\/2025\/12\/enver.png\"\/><\/a><\/p>\n<p>Copyright &amp;copy TBW<\/p>\n","protected":false},"excerpt":{"rendered":"LUTTO | 25\/05\/2026 | 09:43 Il mondo del ciclismo dice addio all\u2019ex professionista Lino Carletto, 82 anni, che&hellip;\n","protected":false},"author":3,"featured_media":508377,"comment_status":"","ping_status":"","sticky":false,"template":"","format":"standard","meta":{"footnotes":"","_share_on_mastodon":"0"},"categories":[1456],"tags":[2367,1824,1825,1537,90,89,190025,6201,245,244,43476],"class_list":["post-508376","post","type-post","status-publish","format-standard","has-post-thumbnail","category-ciclismo","tag-anni-60","tag-ciclismo","tag-cycling","tag-it","tag-italia","tag-italy","tag-necrologio","tag-professionisti","tag-sport","tag-sports","tag-storia-del-ciclismo"],"share_on_mastodon":{"url":"https:\/\/pubeurope.com\/@it\/116638298522051812","error":""},"_links":{"self":[{"href":"https:\/\/www.europesays.com\/it\/wp-json\/wp\/v2\/posts\/508376","targetHints":{"allow":["GET"]}}],"collection":[{"href":"https:\/\/www.europesays.com\/it\/wp-json\/wp\/v2\/posts"}],"about":[{"href":"https:\/\/www.europesays.com\/it\/wp-json\/wp\/v2\/types\/post"}],"author":[{"embeddable":true,"href":"https:\/\/www.europesays.com\/it\/wp-json\/wp\/v2\/users\/3"}],"replies":[{"embeddable":true,"href":"https:\/\/www.europesays.com\/it\/wp-json\/wp\/v2\/comments?post=508376"}],"version-history":[{"count":0,"href":"https:\/\/www.europesays.com\/it\/wp-json\/wp\/v2\/posts\/508376\/revisions"}],"wp:featuredmedia":[{"embeddable":true,"href":"https:\/\/www.europesays.com\/it\/wp-json\/wp\/v2\/media\/508377"}],"wp:attachment":[{"href":"https:\/\/www.europesays.com\/it\/wp-json\/wp\/v2\/media?parent=508376"}],"wp:term":[{"taxonomy":"category","embeddable":true,"href":"https:\/\/www.europesays.com\/it\/wp-json\/wp\/v2\/categories?post=508376"},{"taxonomy":"post_tag","embeddable":true,"href":"https:\/\/www.europesays.com\/it\/wp-json\/wp\/v2\/tags?post=508376"}],"curies":[{"name":"wp","href":"https:\/\/api.w.org\/{rel}","templated":true}]}}