{"id":508552,"date":"2026-05-26T04:50:13","date_gmt":"2026-05-26T04:50:13","guid":{"rendered":"https:\/\/www.europesays.com\/it\/508552\/"},"modified":"2026-05-26T04:50:13","modified_gmt":"2026-05-26T04:50:13","slug":"guido-fanti-il-sindaco-visionario","status":"publish","type":"post","link":"https:\/\/www.europesays.com\/it\/508552\/","title":{"rendered":"Guido Fanti, il sindaco visionario"},"content":{"rendered":"<p>La storia di <strong>Guido Fanti<\/strong>, il sindaco bolognese pioniere del rinnovamento e del &#8220;modello emiliano&#8221;, \u00e8 finalmente narrata in un documentario. S\u2019intitola Guido Fanti, il Visionario e viene presentato dai registi <strong>Paolo Soglia<\/strong> e <strong>Lorenzo Stanzani<\/strong> domani alle 18 al Modernissimo, alla presenza di Gian Luca Farinelli, del presidente della Regione Michele de Pascale (&#8220;\u00c8 stato un innovatore che ha interpretato l\u2019autonomia regionale come strumento di coesione, sviluppo e democrazia&#8221;), del sindaco Matteo Lepore (&#8220;E\u2019 stato capace di tenere insieme visione e concretezza senza perdere il rapporto con la vita quotidiana&#8221;), Maurizio Fabbri, presidente dell\u2019Assemblea Legislativa e Lanfranco Fanti, figlio del visionario Guido.<\/p>\n<p>Stanzani, lei nel 2008 ha raccolto un\u2019intervista di oltre un\u2019ora con Guido Fanti su cui avete costruito il film. Si \u00e8 fatto un\u2019idea dell\u2019origine di questa visionariet\u00e0?<\/p>\n<p>&#8220;Credo che in Fanti ci fosse tanto buonsenso, da un lato tanta umilt\u00e0 e dall\u2019altra tanta grandeur. Nel senso che sentiva che era quello che doveva fare grazie a studi e analisi e allo stesso tempo aveva la convinzione di essere dalla parte del giusto, che quelle cose fossero importanti da fare. E non a caso, poi, sviluppa un\u2019amicizia con Giuseppe Dossetti&#8221;.<\/p>\n<p>Soglia, c\u2019\u00e8 un momento in particolare dell\u2019intervista che l\u2019ha colpita?<\/p>\n<p>&#8220;C\u2019\u00e8 un momento di racconto serissimo, che io e Lorenzo abbiamo trovato esilarante. \u00c8 quello in cui racconta di quando Boris Ponomarev, plenipotenziario del Politburo sovietico, arriva in citt\u00e0 perch\u00e9 riteneva che il P.C.I. bolognese fosse un po\u2019 fuori linea. Secondo Ponomarev Fanti dice cose eretiche, tipo che la politica del partito comunista \u2013 siamo negli anni \u201960 \u2013 si deve staccare da quella dell\u2019Unione Sovietica. E arriva con il giornalino della Federazione di Bologna, La Lotta, sottolineato con matita rossa e matita blu e fa le pulci su tutte le cose che Fanti, come segretario del partito bolognese, aveva fatto. Il finale, che non svelo, \u00e8 un bel colpo di scena&#8221;.<\/p>\n<p>Quali furono i suoi grandi progetti?<\/p>\n<p>&#8220;Lui \u00e8 sindaco dal 1966 al 1970 e tutti i progetti della giunta Fanti, che sono poi la Bologna di adesso, dalla tangenziale alla collina, sono studi che lui fa di proiezioni sul Duemila. Lui guarda a 40 anni dopo. Ed \u00e8 visionario anche politicamente, non solo nell\u2019amministrazione comunale, perch\u00e9 anticipa cose pazzesche anche quando diverr\u00e0 presidente della Regione&#8221;.<\/p>\n<p>Stanzani, lei \u00e8 anche il montatore del film. Che scelta di materiali avete fatto?<\/p>\n<p>&#8220;Abbiamo utilizzato materiali della Cineteca e dell\u2019Istituto Gramsci, scegliendo soprattutto materiale poco mostrato, forse perch\u00e9 non \u00e8 di grande impatto qualitativo. C\u2019\u00e8 ad esempio il momento in cui Kenzo Tange viene in Comune, e il girato non \u00e8 il massimo, avevano sbagliato l\u2019esposizione, ma a noi non interessava compiacere attraverso l\u2019estetica, volevamo andare nel concreto&#8221;.<\/p>\n<p>Kenzo Tange fu un grande capitolo, parte del progetto della citt\u00e0 nuova. Come doveva diventare Bologna?<\/p>\n<p>&#8220;Abbiamo trovato tanto materiale, anche disegni originali di Tange, che poi realizz\u00f2 solo le Torri della Fiera. Il centro storico doveva essere liberato da tutte le attivit\u00e0 grosse e commerciali, ad esempio, per avere una vocazione pi\u00f9 culturale, spostando tutto il resto nella citt\u00e0 nuova&#8221;.<\/p>\n<p>Perch\u00e9 si candid\u00f2 a presidente della Regione dopo solo un mandato da sindaco?<\/p>\n<p>&#8220;\u00c8 sempre stato per la velocit\u00e0 dei mandati, ma \u00e8 sempre stato anche un uomo ambizioso e quindi vedeva nella nascita delle regioni uno sviluppo e nuove possibilit\u00e0 di dialogo alternativo con il governo&#8221;.<\/p>\n","protected":false},"excerpt":{"rendered":"La storia di Guido Fanti, il sindaco bolognese pioniere del rinnovamento e del &#8220;modello emiliano&#8221;, \u00e8 finalmente narrata&hellip;\n","protected":false},"author":3,"featured_media":508553,"comment_status":"","ping_status":"","sticky":false,"template":"","format":"standard","meta":{"footnotes":"","_share_on_mastodon":"0"},"categories":[1442],"tags":[203,281648,454,11543,204,1537,90,89,1521,19,177142],"class_list":["post-508552","post","type-post","status-publish","format-standard","has-post-thumbnail","category-film","tag-entertainment","tag-fanti","tag-film","tag-guido","tag-intrattenimento","tag-it","tag-italia","tag-italy","tag-movies","tag-sindaco","tag-visionario"],"share_on_mastodon":{"url":"https:\/\/pubeurope.com\/@it\/116639080642453610","error":""},"_links":{"self":[{"href":"https:\/\/www.europesays.com\/it\/wp-json\/wp\/v2\/posts\/508552","targetHints":{"allow":["GET"]}}],"collection":[{"href":"https:\/\/www.europesays.com\/it\/wp-json\/wp\/v2\/posts"}],"about":[{"href":"https:\/\/www.europesays.com\/it\/wp-json\/wp\/v2\/types\/post"}],"author":[{"embeddable":true,"href":"https:\/\/www.europesays.com\/it\/wp-json\/wp\/v2\/users\/3"}],"replies":[{"embeddable":true,"href":"https:\/\/www.europesays.com\/it\/wp-json\/wp\/v2\/comments?post=508552"}],"version-history":[{"count":0,"href":"https:\/\/www.europesays.com\/it\/wp-json\/wp\/v2\/posts\/508552\/revisions"}],"wp:featuredmedia":[{"embeddable":true,"href":"https:\/\/www.europesays.com\/it\/wp-json\/wp\/v2\/media\/508553"}],"wp:attachment":[{"href":"https:\/\/www.europesays.com\/it\/wp-json\/wp\/v2\/media?parent=508552"}],"wp:term":[{"taxonomy":"category","embeddable":true,"href":"https:\/\/www.europesays.com\/it\/wp-json\/wp\/v2\/categories?post=508552"},{"taxonomy":"post_tag","embeddable":true,"href":"https:\/\/www.europesays.com\/it\/wp-json\/wp\/v2\/tags?post=508552"}],"curies":[{"name":"wp","href":"https:\/\/api.w.org\/{rel}","templated":true}]}}