{"id":508572,"date":"2026-05-26T05:15:11","date_gmt":"2026-05-26T05:15:11","guid":{"rendered":"https:\/\/www.europesays.com\/it\/508572\/"},"modified":"2026-05-26T05:15:11","modified_gmt":"2026-05-26T05:15:11","slug":"alessandro-de-giuseppe-le-iene-garlasco-la-vita-privata-riservatissima-la-passione-per-bici-e-vino-prego-tutte-le-sere","status":"publish","type":"post","link":"https:\/\/www.europesays.com\/it\/508572\/","title":{"rendered":"Alessandro De Giuseppe, Le Iene, Garlasco, la vita privata riservatissima, la passione per bici e vino: \u00abPrego tutte le sere\u00bb"},"content":{"rendered":"<p>Alessandro De Giuseppe \u00e8 uno dei volti pi\u00f9 riconoscibili de Le Iene, programma di cui \u00e8 inviato e autore dal 2013. Negli anni si \u00e8 distinto per uno stile diretto, curioso e spesso provocatorio, affrontando casi di cronaca, inchieste televisive e temi controversi. Marted\u00ec 26 maggio torner\u00e0 al centro dell&#8217;attenzione con una nuova puntata di <strong>Le Iene Inside<\/strong> dedicata al <strong>delitto di Garlasco<\/strong>. Lo speciale, intitolato Le 7 domande senza risposta, riapre alcuni interrogativi rimasti irrisolti nell&#8217;omicidio di Chiara Poggi, tornando sulle nuove indagini che vedono Andrea Sempio come pista alternativa alla condanna definitiva di Alberto Stasi.<\/p>\n<p> Alessandro De Giuseppe, chi \u00e8 <\/p>\n<p>Alessandro De Giuseppe, nato il 28 settembre 1970, vive tra la provincia di Monza e Brianza e Milano. Da ragazzo sognava di frequentare l&#8217;Accademia del Piccolo Teatro di Giorgio Strehler, ma la vita lo ha portato inizialmente a lavorare nel settore moda e abbigliamento. Sul sito ufficiale de Le Iene si descrive come \u00abuna persona semplice e spontanea, generoso, un po&#8217; lunatico, talvolta instabile\u00bb. Racconta anche di aver sviluppato molto presto la passione per la comunicazione: \u00abSeduto sul poggiolo di casa mia, parlavo con tutti quelli che mi passavano di fronte\u00bb. Un&#8217;immagine che restituisce bene il carattere istintivo e molto comunicativo che oggi il pubblico vede nei suoi servizi televisivi.<\/p>\n","protected":false},"excerpt":{"rendered":"Alessandro De Giuseppe \u00e8 uno dei volti pi\u00f9 riconoscibili de Le Iene, programma di cui \u00e8 inviato e&hellip;\n","protected":false},"author":3,"featured_media":508573,"comment_status":"","ping_status":"","sticky":false,"template":"","format":"standard","meta":{"footnotes":"","_share_on_mastodon":"0"},"categories":[1444],"tags":[27020,203,204,1537,90,89,39071,108024,253],"class_list":["post-508572","post","type-post","status-publish","format-standard","has-post-thumbnail","category-tv","tag-alessandro-de-giuseppe","tag-entertainment","tag-intrattenimento","tag-it","tag-italia","tag-italy","tag-le-iene","tag-le-iene-inside","tag-tv"],"share_on_mastodon":{"url":"https:\/\/pubeurope.com\/@it\/116639178757308088","error":""},"_links":{"self":[{"href":"https:\/\/www.europesays.com\/it\/wp-json\/wp\/v2\/posts\/508572","targetHints":{"allow":["GET"]}}],"collection":[{"href":"https:\/\/www.europesays.com\/it\/wp-json\/wp\/v2\/posts"}],"about":[{"href":"https:\/\/www.europesays.com\/it\/wp-json\/wp\/v2\/types\/post"}],"author":[{"embeddable":true,"href":"https:\/\/www.europesays.com\/it\/wp-json\/wp\/v2\/users\/3"}],"replies":[{"embeddable":true,"href":"https:\/\/www.europesays.com\/it\/wp-json\/wp\/v2\/comments?post=508572"}],"version-history":[{"count":0,"href":"https:\/\/www.europesays.com\/it\/wp-json\/wp\/v2\/posts\/508572\/revisions"}],"wp:featuredmedia":[{"embeddable":true,"href":"https:\/\/www.europesays.com\/it\/wp-json\/wp\/v2\/media\/508573"}],"wp:attachment":[{"href":"https:\/\/www.europesays.com\/it\/wp-json\/wp\/v2\/media?parent=508572"}],"wp:term":[{"taxonomy":"category","embeddable":true,"href":"https:\/\/www.europesays.com\/it\/wp-json\/wp\/v2\/categories?post=508572"},{"taxonomy":"post_tag","embeddable":true,"href":"https:\/\/www.europesays.com\/it\/wp-json\/wp\/v2\/tags?post=508572"}],"curies":[{"name":"wp","href":"https:\/\/api.w.org\/{rel}","templated":true}]}}