{"id":508582,"date":"2026-05-26T05:23:13","date_gmt":"2026-05-26T05:23:13","guid":{"rendered":"https:\/\/www.europesays.com\/it\/508582\/"},"modified":"2026-05-26T05:23:13","modified_gmt":"2026-05-26T05:23:13","slug":"guerra-ucraina-russia-le-notizie-in-diretta-mosca-stranieri-e-diplomatici-lascino-kiev-continueremo-le-rappresaglie-zelensky-grati-agli-usa-per-il-sostegno-alla-nostra-difesa","status":"publish","type":"post","link":"https:\/\/www.europesays.com\/it\/508582\/","title":{"rendered":"Guerra Ucraina-Russia, le notizie in diretta | Mosca: \u00abStranieri e diplomatici lascino Kiev, continueremo le rappresaglie\u00bb. Zelensky: \u00abGrati agli Usa per il sostegno alla nostra difesa\u00bb"},"content":{"rendered":"<p>\t\t\tZelensky su Memorial Day: \u00abGrati agli Usa per il sostegno alla nostra difesa\u00bb<\/p>\n<p>\u00abOggi (luned\u00ec 25 maggio, ndr) \u00e8 il Memorial Day in America: una giornata di rispetto nazionale per ogni persona che ha difeso l&#8217;America e la libert\u00e0 indossando l&#8217;uniforme. Senza gli Stati Uniti, semplicemente non ci sarebbe stata la libert\u00e0 europea e il XX secolo lo ha dimostrato in modo assolutamente chiaro. Oggi la guerra su larga scala della Russia non \u00e8 soltanto contro l&#8217;Ucraina, ma anche contro l&#8217;intero modello di un&#8217;Europa libera, democratica e unita. \u00c8 l&#8217;unit\u00e0 euro-atlantica che \u00e8 stata, e continua a essere, il fondamento dello sviluppo economico mondiale e, sotto molti aspetti, anche sociale dopo la Seconda guerra mondiale\u00bb.<\/p>\n<p>Lo scrive su X il presidente ucraino Volodymyr Zelensky, \u00abL&#8217;Ucraina \u00e8 grata agli Stati Uniti per il sostegno alla nostra difesa e a tutti gli americani dal cuore solidale che continuano a sostenere l&#8217;Ucraina\u00bb, spiega. \u00abQuesta guerra deve finire, e deve finire in modo dignitoso. E il ruolo dell&#8217;America in questo contesto &#8211; l&#8217;America che la Russia teme &#8211; pu\u00f2 davvero essere quello di una leadership: nel sostenere qui la nostra difesa della vita e, in futuro, la nostra capacit\u00e0 di aiutare a difendere la vita di altre nazioni che ne avranno davvero bisogno. Grazie, America\u00bb, conclude.<\/p>\n","protected":false},"excerpt":{"rendered":"Zelensky su Memorial Day: \u00abGrati agli Usa per il sostegno alla nostra difesa\u00bb \u00abOggi (luned\u00ec 25 maggio, ndr)&hellip;\n","protected":false},"author":3,"featured_media":508583,"comment_status":"","ping_status":"","sticky":false,"template":"","format":"standard","meta":{"footnotes":"","_share_on_mastodon":"0"},"categories":[160],"tags":[839,281655,281657,2032,2017,765,392,21650,1064,294,281658,281659,1087,281660,14,164,165,1278,4084,767,1508,281661,281662,5631,4479,768,16999,1123,4959,77,400,707,851,1353,166,382,7,15,13814,1484,4477,171,4518,388,6313,281656,24785,170,11,167,12,168,3414,410,161,162,163,4473],"class_list":["post-508582","post","type-post","status-publish","format-standard","has-post-thumbnail","category-mondo","tag-almeno","tag-almeno-civili","tag-almeno-civili-feriti","tag-america","tag-americani","tag-attacco","tag-capitale","tag-capitale-ucraina","tag-cittadini","tag-civili","tag-civili-feriti","tag-civili-feriti-raid","tag-continueremo","tag-continueremo-rappresaglie","tag-cronaca","tag-dal-mondo","tag-dalmondo","tag-davvero","tag-day","tag-difesa","tag-diplomatici","tag-diplomatici-lascino","tag-diplomatici-lascino-kiev","tag-diretta","tag-donetsk","tag-esteri","tag-esteri-russo","tag-evacuare","tag-finire","tag-guerra","tag-kiev","tag-maggio","tag-ministero","tag-mondiale","tag-mondo","tag-mosca","tag-news","tag-notizie","tag-raid","tag-rubio","tag-russi","tag-russia","tag-russia-ucraina","tag-russo","tag-sostegno","tag-sostegno-difesa","tag-stranieri","tag-ucraina","tag-ultime-notizie","tag-ultime-notizie-di-mondo","tag-ultimenotizie","tag-ultimenotiziedimondo","tag-uniti","tag-usa","tag-world","tag-world-news","tag-worldnews","tag-zelensky"],"share_on_mastodon":{"url":"","error":"Validation failed: Text character limit of 500 exceeded"},"_links":{"self":[{"href":"https:\/\/www.europesays.com\/it\/wp-json\/wp\/v2\/posts\/508582","targetHints":{"allow":["GET"]}}],"collection":[{"href":"https:\/\/www.europesays.com\/it\/wp-json\/wp\/v2\/posts"}],"about":[{"href":"https:\/\/www.europesays.com\/it\/wp-json\/wp\/v2\/types\/post"}],"author":[{"embeddable":true,"href":"https:\/\/www.europesays.com\/it\/wp-json\/wp\/v2\/users\/3"}],"replies":[{"embeddable":true,"href":"https:\/\/www.europesays.com\/it\/wp-json\/wp\/v2\/comments?post=508582"}],"version-history":[{"count":0,"href":"https:\/\/www.europesays.com\/it\/wp-json\/wp\/v2\/posts\/508582\/revisions"}],"wp:featuredmedia":[{"embeddable":true,"href":"https:\/\/www.europesays.com\/it\/wp-json\/wp\/v2\/media\/508583"}],"wp:attachment":[{"href":"https:\/\/www.europesays.com\/it\/wp-json\/wp\/v2\/media?parent=508582"}],"wp:term":[{"taxonomy":"category","embeddable":true,"href":"https:\/\/www.europesays.com\/it\/wp-json\/wp\/v2\/categories?post=508582"},{"taxonomy":"post_tag","embeddable":true,"href":"https:\/\/www.europesays.com\/it\/wp-json\/wp\/v2\/tags?post=508582"}],"curies":[{"name":"wp","href":"https:\/\/api.w.org\/{rel}","templated":true}]}}