{"id":508751,"date":"2026-05-26T08:21:18","date_gmt":"2026-05-26T08:21:18","guid":{"rendered":"https:\/\/www.europesays.com\/it\/508751\/"},"modified":"2026-05-26T08:21:18","modified_gmt":"2026-05-26T08:21:18","slug":"chi-e-philip-treacy-il-cappellaio-matto-amato-da-grandi-stilisti-pop-star-internazionali-ma-anche-dalla-regina-camilla","status":"publish","type":"post","link":"https:\/\/www.europesays.com\/it\/508751\/","title":{"rendered":"Chi \u00e8 Philip Treacy, il cappellaio matto amato da grandi stilisti, pop star internazionali&#8230;ma anche dalla regina Camilla?"},"content":{"rendered":"<p>E perch\u00e9 proprio lui? Perch\u00e9 con Treacy <strong>il cappello non \u00e8 soltanto un accessorio<\/strong>, qualcosa che tutti almeno una volta ci siamo messi in testa solo per coprire i capelli scompigliati. Quando un suo pezzo arriva in passerella, per esempio nella sua <strong>collaborazione lunga e mozzafiato con Alexander McQueen<\/strong>, il copricapo diventa architettura, scenografia, parte integrante del look: costruisce volumi, cambia la silhouette, sposta il baricentro dell\u2019abito. \u00c8 questo, forse, il suo contributo pi\u00f9 riconoscibile alla moda: aver preso qualcosa che spesso arrivava alla fine &#8211; dopo il vestito, dopo il trucco, dopo tutto &#8211; e averlo portato al centro della scena.<\/p>\n<p><img decoding=\"async\" alt=\"Copricapo di Philip Treacy per la sfilata di Alexander McQueen Primaveraestate 2008.\" loading=\"lazy\" class=\"ResponsiveImageContainer-dkeESL cQPiWi responsive-image__image\"   src=\"https:\/\/www.europesays.com\/it\/wp-content\/uploads\/2026\/05\/77206133.jpeg\"\/><\/p>\n<p>Copricapo di Philip Treacy per la sfilata di Alexander McQueen Primavera-estate 2008.<\/p>\n<p>Chad Buchanan\/Getty Images<img decoding=\"async\" alt=\"Copricapo di Philip Treacy per la sfilata di Alexander McQueen Primaveraestate 2008.\" loading=\"lazy\" class=\"ResponsiveImageContainer-dkeESL cQPiWi responsive-image__image\"   src=\"https:\/\/www.europesays.com\/it\/wp-content\/uploads\/2026\/05\/85368036.jpeg\"\/><\/p>\n<p>Copricapo di Philip Treacy per la sfilata di Alexander McQueen Primavera-estate 2008.<\/p>\n<p>Michel Dufour<\/p>\n<p>Negli ultimi mesi, quel \u00abqualcosa in testa\u00bb \u00e8 tornato parecchio utile. Alla sfilata <strong>Dior Cruise 2027<\/strong> di <strong>Jonathan Anderson<\/strong>, a Los Angeles, Treacy ha firmato una serie di copricapi-parola in piume: Dior, Star, Buzz, Flow. Pi\u00f9 che cappelli, sembravano sottotitoli sopra il look. Un\u2019idea nuova solo in apparenza, perch\u00e9 i suoi <strong>word hats<\/strong> esistono dai primi anni Duemila e sono gi\u00e0 passati da Isabella Blow a Lady Gaga, da Valentino a Britney Spears. La moda, ogni tanto, dimentica. Treacy, invece, sa benissimo dove ha lasciato le piume.<\/p>\n","protected":false},"excerpt":{"rendered":"E perch\u00e9 proprio lui? Perch\u00e9 con Treacy il cappello non \u00e8 soltanto un accessorio, qualcosa che tutti almeno&hellip;\n","protected":false},"author":3,"featured_media":508752,"comment_status":"","ping_status":"","sticky":false,"template":"","format":"standard","meta":{"footnotes":"","_share_on_mastodon":"0"},"categories":[1451],"tags":[90539,1621,1620,203,204,1537,90,89,29308,11163,19743],"class_list":["post-508751","post","type-post","status-publish","format-standard","has-post-thumbnail","category-celebrita","tag-alexander-mcqueen","tag-celebrita","tag-celebrities","tag-entertainment","tag-intrattenimento","tag-it","tag-italia","tag-italy","tag-lady-gaga","tag-madonna","tag-regina-camilla"],"share_on_mastodon":{"url":"https:\/\/pubeurope.com\/@it\/116639910795505241","error":""},"_links":{"self":[{"href":"https:\/\/www.europesays.com\/it\/wp-json\/wp\/v2\/posts\/508751","targetHints":{"allow":["GET"]}}],"collection":[{"href":"https:\/\/www.europesays.com\/it\/wp-json\/wp\/v2\/posts"}],"about":[{"href":"https:\/\/www.europesays.com\/it\/wp-json\/wp\/v2\/types\/post"}],"author":[{"embeddable":true,"href":"https:\/\/www.europesays.com\/it\/wp-json\/wp\/v2\/users\/3"}],"replies":[{"embeddable":true,"href":"https:\/\/www.europesays.com\/it\/wp-json\/wp\/v2\/comments?post=508751"}],"version-history":[{"count":0,"href":"https:\/\/www.europesays.com\/it\/wp-json\/wp\/v2\/posts\/508751\/revisions"}],"wp:featuredmedia":[{"embeddable":true,"href":"https:\/\/www.europesays.com\/it\/wp-json\/wp\/v2\/media\/508752"}],"wp:attachment":[{"href":"https:\/\/www.europesays.com\/it\/wp-json\/wp\/v2\/media?parent=508751"}],"wp:term":[{"taxonomy":"category","embeddable":true,"href":"https:\/\/www.europesays.com\/it\/wp-json\/wp\/v2\/categories?post=508751"},{"taxonomy":"post_tag","embeddable":true,"href":"https:\/\/www.europesays.com\/it\/wp-json\/wp\/v2\/tags?post=508751"}],"curies":[{"name":"wp","href":"https:\/\/api.w.org\/{rel}","templated":true}]}}