{"id":508758,"date":"2026-05-26T08:27:10","date_gmt":"2026-05-26T08:27:10","guid":{"rendered":"https:\/\/www.europesays.com\/it\/508758\/"},"modified":"2026-05-26T08:27:10","modified_gmt":"2026-05-26T08:27:10","slug":"conte-apre-il-mercato-allenatori-tutte-le-squadre-di-serie-a-che-possono-cambiare-allenatore","status":"publish","type":"post","link":"https:\/\/www.europesays.com\/it\/508758\/","title":{"rendered":"Conte apre il mercato allenatori: tutte le squadre di Serie A che possono cambiare allenatore"},"content":{"rendered":"<p>Tante novit\u00e0 fra i tecnici nel massimo campionato di calcio italiano.<\/p>\n<p>Il campionato \u00e8 appena finito, ma \u00e8 gi\u00e0 cominciato il <b><strong>mercato degli allenatori. Aperto dall&#8217;addio al Napoli di Antonio Conte, in corsa con Roberto Mancini<\/strong><\/b> (disposto a dimettersi dall&#8217;Al-Sadd) <b><strong>per tornare ct dell&#8217;Italia. <\/strong><\/b><\/p>\n<p>Oltre al <b><strong>sogno proibito Pep Guardiola<\/strong><\/b> le uniche <b><strong>alternative per la Nazionale<\/strong><\/b> sono Claudio <b><strong>Ranieri (gi\u00e0 salutato dalla Roma, dove \u00e8 confermatissimo Gian Piero Gasperini) e Massimiliano Allegri. Esonerato dal Milan <\/strong><\/b>dopo la mancata qualificazione in Champions League e <b><strong>tornato prepotentemente nel mirino del presidente Aurelio De Laurentiis.<\/strong><\/b><\/p>\n","protected":false},"excerpt":{"rendered":"Tante novit\u00e0 fra i tecnici nel massimo campionato di calcio italiano. Il campionato \u00e8 appena finito, ma \u00e8&hellip;\n","protected":false},"author":3,"featured_media":508759,"comment_status":"","ping_status":"","sticky":false,"template":"","format":"standard","meta":{"footnotes":"","_share_on_mastodon":"0"},"categories":[176],"tags":[1744,586,6300,3705,6297,350,1537,90,89,558,553,248,1543,6299,245,244,4367],"class_list":["post-508758","post","type-post","status-publish","format-standard","has-post-thumbnail","category-sport","tag-ac-milan","tag-bologna","tag-cagliari","tag-como","tag-cremonese","tag-inter","tag-it","tag-italia","tag-italy","tag-juventus","tag-milan","tag-napoli","tag-parma-calcio-1913","tag-sassuolo","tag-sport","tag-sports","tag-ssc-napoli"],"share_on_mastodon":{"url":"https:\/\/pubeurope.com\/@it\/116639933751035380","error":""},"_links":{"self":[{"href":"https:\/\/www.europesays.com\/it\/wp-json\/wp\/v2\/posts\/508758","targetHints":{"allow":["GET"]}}],"collection":[{"href":"https:\/\/www.europesays.com\/it\/wp-json\/wp\/v2\/posts"}],"about":[{"href":"https:\/\/www.europesays.com\/it\/wp-json\/wp\/v2\/types\/post"}],"author":[{"embeddable":true,"href":"https:\/\/www.europesays.com\/it\/wp-json\/wp\/v2\/users\/3"}],"replies":[{"embeddable":true,"href":"https:\/\/www.europesays.com\/it\/wp-json\/wp\/v2\/comments?post=508758"}],"version-history":[{"count":0,"href":"https:\/\/www.europesays.com\/it\/wp-json\/wp\/v2\/posts\/508758\/revisions"}],"wp:featuredmedia":[{"embeddable":true,"href":"https:\/\/www.europesays.com\/it\/wp-json\/wp\/v2\/media\/508759"}],"wp:attachment":[{"href":"https:\/\/www.europesays.com\/it\/wp-json\/wp\/v2\/media?parent=508758"}],"wp:term":[{"taxonomy":"category","embeddable":true,"href":"https:\/\/www.europesays.com\/it\/wp-json\/wp\/v2\/categories?post=508758"},{"taxonomy":"post_tag","embeddable":true,"href":"https:\/\/www.europesays.com\/it\/wp-json\/wp\/v2\/tags?post=508758"}],"curies":[{"name":"wp","href":"https:\/\/api.w.org\/{rel}","templated":true}]}}