{"id":509394,"date":"2026-05-26T17:16:39","date_gmt":"2026-05-26T17:16:39","guid":{"rendered":"https:\/\/www.europesays.com\/it\/509394\/"},"modified":"2026-05-26T17:16:39","modified_gmt":"2026-05-26T17:16:39","slug":"teamvolley-ai-saluti-turcich-e-allorto-newsbiella-it","status":"publish","type":"post","link":"https:\/\/www.europesays.com\/it\/509394\/","title":{"rendered":"TeamVolley, ai saluti Turcich e Allorto\u00a0&#8211;\u00a0Newsbiella.it"},"content":{"rendered":"<p>Siamo a maggio, il mese in cui tanti percorsi si separano. Il TeamVolley saluta e ringrazia coach Ivan Turcich. Durante la sua esperienza triennale a Lessona, l\u2019allenatore ha portato un bagaglio personale di conoscenze, metodi e passione, contribuendo in misura importante allo sviluppo tecnico e umano delle giocatrici. Un tecnico serio e preparato, che lascia un ottimo ricordo professionale: a lui la societ\u00e0 augura le migliori fortune per il prosieguo della carriera sportiva.<\/p>\n<p>Le parole di Ivan Turcich: \u00abSi chiude un ciclo. Sono un po&#8217; dispiaciuto di andarmene, ma dopo cinque anni nell&#8217;ambiente biellese \u00e8 normale cercare stimoli nuovi: contesti che diano l&#8217;opportunit\u00e0 di mettersi alla prova sotto pressione. Quelle a Lessona sono state tre stagioni importanti, che mi hanno permesso di crescere tecnicamente e caratterialmente. Ho condiviso la strada con persone di assoluto valore e ringrazio la societ\u00e0 per tutto: si sono sempre posti nel modo migliore nei miei confronti. Il TeamVolley me lo porter\u00f2 dentro, \u00e8 stata una bella esperienza. Ora \u00e8 il momento di scoprire altri orizzonti\u00bb.<\/p>\n<p>\u00a0Altro addio importante per il TeamVolley. La societ\u00e0 saluta e ringrazia di cuore coach Marco Allorto. Una figura storica della pallavolo a Lessona che &#8211; per motivi lavorativi &#8211; ha scelto di rinunciare ai suoi incarichi in palestra. Pi\u00f9 che un semplice allenatore: un vero factotum. Ha cominciato come arbitro associato, per proseguire il suo percorso in panchina ma occupandosi, sempre e costantemente, anche della parte organizzativa e logistica. \u201cUno di famiglia\u201d, che si \u00e8 fatto voler bene dal primo all\u2019ultimo giorno: il TeamVolley \u00e8 fatto di queste persone.\u00a0<\/p>\n<p>Il saluto di Marco Allorto: \u00abCon l&#8217;ultimo pallone si chiude una stagione molto intensa, nel bene o nel male, vivace e piena di soddisfazioni. Termina anche la collaborazione con Ivan, a cui va il mio \u201cin bocca al lupo\u201d per la sua nuova avventura. Sicuramente sapr\u00e0 portare competenza e caparbiet\u00e0 nell&#8217;insegnare il suo miglior volley. A lui dico un &#8220;Grazie&#8221; enorme, e lui sa perch\u00e9! Ora arriva la parte pi\u00f9 difficile: il mio addio. Difficile trovare le parole per salutare la societ\u00e0 che mi ha accolto come volontario tanti anni fa: il TeamVolley mi ha fatto crescere, mi ha spronato a fare i corsi, gli esami, gli aggiornamenti, ha creduto in me affidandomi squadre giovanili da allenare. Il primo saluto lo faccio alla societ\u00e0: i pilastri Mauro e Marco, poi Simona e Fabio, Tiziano e Valter &#8211; colonne laterali ma essenziali &#8211; e quindi tutti i dirigenti e i volontari delle varie formazioni. Non voglio dimenticare nessuno, sono davvero tanti. Solo chi sta dentro pu\u00f2 sapere cosa vuol dire essere &#8220;del TeamVolley&#8221;. Il secondo saluto \u00e8 tutto per le ragazze. Cavoli se \u00e8 difficile: #marcoallorto# la prossima stagione si prende una pausa. A loro dico di continuare a sudare, a faticare, a soffrire per questo meraviglioso sport ma ricordandosi sempre di divertirsi. Si devono godere ogni momento, ogni sensazione che la pallavolo regala!\u00bb<\/p>\n<p> c. s. TeamVolley g. c.<\/p>\n","protected":false},"excerpt":{"rendered":"Siamo a maggio, il mese in cui tanti percorsi si separano. Il TeamVolley saluta e ringrazia coach Ivan&hellip;\n","protected":false},"author":3,"featured_media":509395,"comment_status":"","ping_status":"","sticky":false,"template":"","format":"standard","meta":{"footnotes":"","_share_on_mastodon":"0"},"categories":[1474],"tags":[1934,1537,90,89,7,1935,245,244,26218,282119,1869],"class_list":["post-509394","post","type-post","status-publish","format-standard","has-post-thumbnail","category-volley","tag-biella","tag-it","tag-italia","tag-italy","tag-news","tag-newsbiella","tag-sport","tag-sports","tag-teamvolley","tag-turchich","tag-volley"],"share_on_mastodon":{"url":"https:\/\/pubeurope.com\/@it\/116642014315120781","error":""},"_links":{"self":[{"href":"https:\/\/www.europesays.com\/it\/wp-json\/wp\/v2\/posts\/509394","targetHints":{"allow":["GET"]}}],"collection":[{"href":"https:\/\/www.europesays.com\/it\/wp-json\/wp\/v2\/posts"}],"about":[{"href":"https:\/\/www.europesays.com\/it\/wp-json\/wp\/v2\/types\/post"}],"author":[{"embeddable":true,"href":"https:\/\/www.europesays.com\/it\/wp-json\/wp\/v2\/users\/3"}],"replies":[{"embeddable":true,"href":"https:\/\/www.europesays.com\/it\/wp-json\/wp\/v2\/comments?post=509394"}],"version-history":[{"count":0,"href":"https:\/\/www.europesays.com\/it\/wp-json\/wp\/v2\/posts\/509394\/revisions"}],"wp:featuredmedia":[{"embeddable":true,"href":"https:\/\/www.europesays.com\/it\/wp-json\/wp\/v2\/media\/509395"}],"wp:attachment":[{"href":"https:\/\/www.europesays.com\/it\/wp-json\/wp\/v2\/media?parent=509394"}],"wp:term":[{"taxonomy":"category","embeddable":true,"href":"https:\/\/www.europesays.com\/it\/wp-json\/wp\/v2\/categories?post=509394"},{"taxonomy":"post_tag","embeddable":true,"href":"https:\/\/www.europesays.com\/it\/wp-json\/wp\/v2\/tags?post=509394"}],"curies":[{"name":"wp","href":"https:\/\/api.w.org\/{rel}","templated":true}]}}