{"id":50961,"date":"2025-08-16T13:49:10","date_gmt":"2025-08-16T13:49:10","guid":{"rendered":"https:\/\/www.europesays.com\/it\/50961\/"},"modified":"2025-08-16T13:49:10","modified_gmt":"2025-08-16T13:49:10","slug":"il-papa-riparte-dallarea-di-servizio-sulla-a22-ma-dimentica-le-sue-figlie","status":"publish","type":"post","link":"https:\/\/www.europesays.com\/it\/50961\/","title":{"rendered":"Il pap\u00e0 riparte dall&#8217;area di servizio sulla A22 ma dimentica&#8230; le sue figlie"},"content":{"rendered":"<p>\u00a0Sono state proprio le piccole, nonostante non parlassero italiano, a spiegare poi agli agenti della <strong>polizia stradale della sottosezione di Trento<\/strong>\u00a0l&#8217;accaduto, dandogli anche un numero di telefono da cui contattare il loro pap\u00e0.\u00a0\u00a0&#8220;Dalle informazioni raccolte dalle due bambine si \u00e8 compreso che le minori erano in viaggio col padre verso il confine di Stato &#8211; ha spiegato la questura -. \u00c8 risultato che il pap\u00e0, subito contattato telefonicamente, mentre era ripartito non si era accorto dell&#8217;assenza in auto delle due figlie convinto che le stesse stessero dormendo sui sedili posteriori dell&#8217;auto&#8221;. Le autorit\u00e0 hanno poi informato dell&#8217;accaduto anche la <strong>madre <\/strong>delle bimbe, che si \u00e8 messa\u00a0 immediatamente\u00a0in viaggio in direzione del luogo dove queste ultime erano state &#8220;dimenticate&#8221;, e\u00a0la procura della Repubblica presso il Tribunale per i minorenni di Trento. All&#8217;arrivo dei genitori le due piccole sono apparse comunque tranquille, forse non del tutto consapevoli dello spavento vissuto da mamma e pap\u00e0, cui sono state prontamente riaffidate (quasi di sicuro dopo una necessaria ramanzina).<\/p>\n","protected":false},"excerpt":{"rendered":"\u00a0Sono state proprio le piccole, nonostante non parlassero italiano, a spiegare poi agli agenti della polizia stradale della&hellip;\n","protected":false},"author":3,"featured_media":50962,"comment_status":"","ping_status":"","sticky":false,"template":"","format":"standard","meta":{"footnotes":""},"categories":[6],"tags":[14,8,1537,90,89,7,15,82,9,83,10,13,11,80,84,12,81,85],"class_list":{"0":"post-50961","1":"post","2":"type-post","3":"status-publish","4":"format-standard","5":"has-post-thumbnail","7":"category-ultime-notizie","8":"tag-cronaca","9":"tag-headlines","10":"tag-it","11":"tag-italia","12":"tag-italy","13":"tag-news","14":"tag-notizie","15":"tag-notizie-di-cronaca","16":"tag-notizie-principali","17":"tag-notiziedicronaca","18":"tag-notizieprincipali","19":"tag-titoli","20":"tag-ultime-notizie","21":"tag-ultime-notizie-di-cronaca","22":"tag-ultime-notizie-e-news-di-oggi","23":"tag-ultimenotizie","24":"tag-ultimenotiziedicronaca","25":"tag-ultimenotizieenewsdioggi"},"share_on_mastodon":{"url":"","error":""},"_links":{"self":[{"href":"https:\/\/www.europesays.com\/it\/wp-json\/wp\/v2\/posts\/50961","targetHints":{"allow":["GET"]}}],"collection":[{"href":"https:\/\/www.europesays.com\/it\/wp-json\/wp\/v2\/posts"}],"about":[{"href":"https:\/\/www.europesays.com\/it\/wp-json\/wp\/v2\/types\/post"}],"author":[{"embeddable":true,"href":"https:\/\/www.europesays.com\/it\/wp-json\/wp\/v2\/users\/3"}],"replies":[{"embeddable":true,"href":"https:\/\/www.europesays.com\/it\/wp-json\/wp\/v2\/comments?post=50961"}],"version-history":[{"count":0,"href":"https:\/\/www.europesays.com\/it\/wp-json\/wp\/v2\/posts\/50961\/revisions"}],"wp:featuredmedia":[{"embeddable":true,"href":"https:\/\/www.europesays.com\/it\/wp-json\/wp\/v2\/media\/50962"}],"wp:attachment":[{"href":"https:\/\/www.europesays.com\/it\/wp-json\/wp\/v2\/media?parent=50961"}],"wp:term":[{"taxonomy":"category","embeddable":true,"href":"https:\/\/www.europesays.com\/it\/wp-json\/wp\/v2\/categories?post=50961"},{"taxonomy":"post_tag","embeddable":true,"href":"https:\/\/www.europesays.com\/it\/wp-json\/wp\/v2\/tags?post=50961"}],"curies":[{"name":"wp","href":"https:\/\/api.w.org\/{rel}","templated":true}]}}