{"id":509673,"date":"2026-05-26T21:08:14","date_gmt":"2026-05-26T21:08:14","guid":{"rendered":"https:\/\/www.europesays.com\/it\/509673\/"},"modified":"2026-05-26T21:08:14","modified_gmt":"2026-05-26T21:08:14","slug":"con-fiorello-la-sregolatezza-della-radio-entra-in-uno-studio-tv","status":"publish","type":"post","link":"https:\/\/www.europesays.com\/it\/509673\/","title":{"rendered":"Con Fiorello la sregolatezza della radio entra in uno studio tv"},"content":{"rendered":"<p>    di<br \/>\n    Aldo Grasso<\/p>\n<p class=\"summary-art is-line-h-12\">Se con \u00abViva Rai2!\u00bb Lo showman aveva portato la tv in strada, qui compie un percorso inverso: emerge un linguaggio basato sull\u2019improvvisazione<\/p>\n<p class=\"chapter-paragraph\">Iniziare la giornata son la sigla dell\u2019Eurovision e con una dose di allegria \u00e8 prezioso, specie nel contesto sociopolitico attuale. Ma cos\u2019\u00e8 esattamente La mattinanza,<b> il morning show in onda alle 7,10 su Rai2? \u00c8 il mero spin-off televisivo del format pomeridiano La Pennicanza di Rai Radio2 di Rosario Fiorello? S\u00ec e no. <\/b>Non siamo di fronte alla passiva replica lineare di un contenuto radiofonico, bens\u00ec a un curioso esperimento di palinsesto asincrono e transmediale. Fiorello declina la temporalit\u00e0 dei media, dimostrando che la satira sull\u2019attualit\u00e0 non scade se supportata dal giusto ritmo. Evitando il \u00abcopia e incolla\u00bb, lo showman e Biggio integrano la struttura radiofonica con inserti video inediti, come le videochiamate estemporanee, la presenza di un ospite famoso, i<b> collegamenti con Palazzo Chigi rovinati da un disturbatore<\/b>, i finti documentari esistenziali, la satira del confessionale del Grande Fratello, la serialit\u00e0 americana in due inquadrature&#8230;  Il format si dilata e attua una vera \u00abrimediazione\u00bb: si adatta allo schermo mantenendo la \u00absporcatura\u00bb e l\u2019autenticit\u00e0 della diretta radiofonica. Questa strategia di programmazione genera pillole di contenuto nativamente destinate ai social, intercettando cos\u00ec un pubblico giovane che fruisce i media solo attraverso la frammentazione.<\/p>\n<p class=\"chapter-paragraph\">Se con Viva Rai2! Fiorello aveva portato la televisione in mezzo alla strada, qui compie un percorso inverso: innesta la sregolatezza della radio nello studio televisivo. Demolita la pomposit\u00e0 della televisione mattutina (l\u2019esempio opposto \u00e8 proprio Radio2 Social Club), emerge un linguaggio rapidissimo basato sull\u2019improvvisazione e su un uso massiccio di micro-media digitali (smartphone e interazioni social).<b> Grazie alla maturazione di Fabrizio Biggio come \u00abspalla\u00bb, Fiorello ha creato un ecosistema comunicativo in cui un\u2019idea nata dopo pranzo <\/b>si adatta a ogni device e fascia oraria, abbattendo le barriere tra broadcast tradizionale e nuovi media. La vera sperimentazione non risiede negli effetti speciali, ma nella liquidit\u00e0 totale del formato. Per non morire con i pacchi di Affari tuoi\u2026    &#13;<br \/>\n&#13;<br \/>\n&#13;<br \/>\n&#13;<br \/>\n&#13;<br \/>\n&#13;<br \/>\n&#13;<br \/>\n&#13;<br \/>\n&#13;<br \/>\n&#13;<br \/>\n&#13;<br \/>\n&#13;<br \/>\n&#13;<br \/>\n&#13;<br \/>\n&#13;<br \/>\n&#13;<br \/>\n&#13;<br \/>\n&#13;<br \/>\n&#13;<br \/>\n&#13;<br \/>\n&#13;<br \/>\n&#13;<br \/>\n&#13;<br \/>\n&#13;<br \/>\n&#13;<br \/>\n&#13;<br \/>\n&#13;<br \/>\n&#13;<br \/>\n&#13;<br \/>\n&#13;<br \/>\n&#13;<br \/>\n&#13;<br \/>\n&#13;<br \/>\n&#13;<br \/>\n&#13;<br \/>\n&#13;<br \/>\n&#13;<br \/>\n&#13;<br \/>\n&#13;<br \/>\n&#13;<br \/>\n&#13;<br \/>\n&#13;<br \/>\n&#13;<br \/>\n&#13;<br \/>\n&#13;<br \/>\n&#13;<br \/>\n&#13;<br \/>\n&#13;<br \/>\n&#13;<br \/>\n&#13;<br \/>\n&#13;<br \/>\n&#13;<br \/>\n&#13;\n<\/p>\n<p class=\"is-last-update\" datetime=\"2026-05-26T19:37:19+02:00\">26 maggio 2026<\/p>\n<p class=\"is-copyright\">\n            \u00a9 RIPRODUZIONE RISERVATA\n        <\/p>\n","protected":false},"excerpt":{"rendered":"di Aldo Grasso Se con \u00abViva Rai2!\u00bb Lo showman aveva portato la tv in strada, qui compie un&hellip;\n","protected":false},"author":3,"featured_media":474402,"comment_status":"","ping_status":"","sticky":false,"template":"","format":"standard","meta":{"footnotes":"","_share_on_mastodon":"0"},"categories":[1443],"tags":[15910,1029,282237,75649,5337,187980,187981,3027,29114,282238,203,27064,17772,171072,204,282239,1537,90,89,26842,793,1538,1539,491,282240,1916,4061,97426,2740,76314,1686,189056],"class_list":["post-509673","post","type-post","status-publish","format-standard","has-post-thumbnail","category-musica","tag-adatta","tag-basato","tag-basato-improvvisazione","tag-biggio","tag-compie","tag-compie-percorso","tag-compie-percorso-inverso","tag-contenuto","tag-emerge","tag-emerge-linguaggio","tag-entertainment","tag-fiorello","tag-format","tag-improvvisazione","tag-intrattenimento","tag-inverso","tag-it","tag-italia","tag-italy","tag-linguaggio","tag-media","tag-music","tag-musica","tag-percorso","tag-percorso-inverso","tag-portato","tag-radio","tag-radiofonica","tag-satira","tag-showman","tag-social","tag-sregolatezza"],"share_on_mastodon":{"url":"https:\/\/pubeurope.com\/@it\/116642926354683824","error":""},"_links":{"self":[{"href":"https:\/\/www.europesays.com\/it\/wp-json\/wp\/v2\/posts\/509673","targetHints":{"allow":["GET"]}}],"collection":[{"href":"https:\/\/www.europesays.com\/it\/wp-json\/wp\/v2\/posts"}],"about":[{"href":"https:\/\/www.europesays.com\/it\/wp-json\/wp\/v2\/types\/post"}],"author":[{"embeddable":true,"href":"https:\/\/www.europesays.com\/it\/wp-json\/wp\/v2\/users\/3"}],"replies":[{"embeddable":true,"href":"https:\/\/www.europesays.com\/it\/wp-json\/wp\/v2\/comments?post=509673"}],"version-history":[{"count":0,"href":"https:\/\/www.europesays.com\/it\/wp-json\/wp\/v2\/posts\/509673\/revisions"}],"wp:featuredmedia":[{"embeddable":true,"href":"https:\/\/www.europesays.com\/it\/wp-json\/wp\/v2\/media\/474402"}],"wp:attachment":[{"href":"https:\/\/www.europesays.com\/it\/wp-json\/wp\/v2\/media?parent=509673"}],"wp:term":[{"taxonomy":"category","embeddable":true,"href":"https:\/\/www.europesays.com\/it\/wp-json\/wp\/v2\/categories?post=509673"},{"taxonomy":"post_tag","embeddable":true,"href":"https:\/\/www.europesays.com\/it\/wp-json\/wp\/v2\/tags?post=509673"}],"curies":[{"name":"wp","href":"https:\/\/api.w.org\/{rel}","templated":true}]}}