{"id":509755,"date":"2026-05-26T22:28:19","date_gmt":"2026-05-26T22:28:19","guid":{"rendered":"https:\/\/www.europesays.com\/it\/509755\/"},"modified":"2026-05-26T22:28:19","modified_gmt":"2026-05-26T22:28:19","slug":"domenica-in-e-quel-trucchetto-dello-spezzatino-che-aumenta-i-dati-di-ascolto","status":"publish","type":"post","link":"https:\/\/www.europesays.com\/it\/509755\/","title":{"rendered":"&#8220;Domenica In&#8221; e quel trucchetto dello spezzatino (che aumenta i dati di ascolto)"},"content":{"rendered":"<p>&#13;<br \/>\n      &#13;<br \/>\n&#13;<br \/>\n       &#13;<br \/>\n      &#13;<br \/>\n      &#13;<br \/>\n        &#13;<br \/>\n        &#13;<br \/>\n&#13;<br \/>\n&#13;<br \/>\n&#13;<br \/>\nCondividi  &#13;<br \/>\n    &#13;<br \/>\n  &#13;<br \/>\n        &#13;<br \/>\n              &#13;<br \/>\n      &#13;<br \/>\n      &#13;<br \/>\n&#13;<br \/>\n      &#13;<br \/>\n      &#13;<br \/>\n       &#13;<br \/>\n       &#13;<\/p>\n<p>\u201cDomenica In\u201d, nella puntata del 24 maggio, ha raggiunto il 19,5% di share. Ottimo dato, se non fosse che il riferimento \u00e8 alla prima parte di trasmissione compresa tra le 14.44 e le 15.11. Insomma, appena 27 minuti che per\u00f2 consentono di rivendersi a livello comunicativo il risultato pi\u00f9 alto raccolto da un contenitore lungo pi\u00f9 di tre ore.<\/p>\n<p>Lo spezzatino<\/p>\n<p>Chiamasi spezzatino, nel senso che il programma condotto da Mara Venier mette in pratica uno scorporo che fa si che di \u201cDomenica In\u201d esista una presentazione, che va dalle 14.03 alle 14.44, quindi pi\u00f9 corposa di 14 minuti della prima parte e che si \u00e8 fermata al 16,7%, un ulteriore blocco che scatta alle 15.16 e termina alle 16.15 (16,4%) e un ultimissimo segmento incluso tra le 16.16 e le 17.10 (14%). In questo caso parliamo dei classici \u2018Saluti di Mara\u2019, che da breve rientro che precedeva il lancio di \u201cDa noi a ruota libera\u201d si \u00e8 trasformato in un mattone da 54 minuti.<\/p>\n<p>Dettagli per gli addetti ai lavori, si dir\u00e0. Ma se \u201cDomenica In\u201d godesse di un unico grande responso, la media sarebbe molto pi\u00f9 contenuta e non includerebbe picchi palesemente ricercati col lanternino.<\/p>\n<p>Le continue variazioni<\/p>\n<p>Bisogna inoltre precisare che la frammentazione, in avvio di stagione, appariva decisamente diversa. Nell\u2019appuntamento del 28 settembre, ad esempio, la presentazione era compresa tra le 14.04 e le 14.30 (25 minuti), la prima parte tra le 14.30 e le 15.15 (45 minuti), la seconda parte tra le 15.20 e le 16.36 (76 minuti) e i \u2018Saluti\u2019 tra le 16.37 e le 17.11 (34 minuti).<\/p>\n<p>Un assetto stravolto la settimana seguente, con la diretta del 5 ottobre schierata cos\u00ec: presentazione dalle 14.04 alle 14.30 (26 minuti), prima parte dalle 14.30 alle 15.24 (54 minuti), seconda parte dalle 15.28 alle 16.20 (56 minuti) e i \u2018Saluti\u2019 dalle 16.20 alle 17.11 (51 minuti).<\/p>\n<p>Orari ballerini, che mutano in base alle circostanze. Prendiamo la puntata del 3 maggio, quella con Albano ospite. Il cantante di Cellino San Marco si rec\u00f2 dalla Venier per replicare alle parole pronunciate da Romina Power a \u201cBelve\u201d. Un \u2018evento\u2019 che tocc\u00f2 addirittura il 23,9% di share. S\u00ec, ma nella porzione inclusa tra le 14.41 e le 15.08 (di 27 minuti). Precedentemente c\u2019era stata una presentazione di 40 minuti (dalle 14.01 alle 14.41, al 19,5%) e in seguito un ulteriore blocco da 124 minuti, dalle 15.08 alle 17.12, al 18,4%.<\/p>\n<p>Una moda diffusissima, ma \u201cVerissimo\u201d \u00e8 pi\u00f9 stabile<\/p>\n<p>La moda, va detto, \u00e8 diffusissima. Lo stesso \u201cVerissimo\u201d, competitor di \u201cDomenica In\u201d, si divide in due parti, pi\u00f9 una terza sempre denominata \u2018Saluti\u2019. Gli orari, tuttavia, sembrano pi\u00f9 stabili e non in continuo movimento.<\/p>\n<p>Nessuno \u00e8 esente da colpe e responsabilit\u00e0, soprattutto se si butta l\u2019occhio sulle offerte di prima serata dove<a href=\"https:\/\/www.today.it\/tv\/ruota-della-fortuna-affari-tuoi-anteprime-auditel-trucchi.html\" rel=\"nofollow noopener\" target=\"_blank\"> \u201cReport\u201d e \u201cChe tempo che fa\u201d si frammentano in cinque parti ciascuna<\/a>. Una tecnica per sopravvivere, per mostrare la posa migliore. Di fatto, un inganno.<\/p>\n<p>       &#13;<br \/>\n        &#13;<br \/>\n&#13;<br \/>\n&#13;<br \/>\n  &#13;<br \/>\n  &#13;<br \/>\n&#13;<br \/>\n  &lt;!?php if ( SF_DOMAIN == &#8216;citynews-bruxellestoday&#8217; || SF_DOMAIN == &#8216;citynews-cagliaritoday&#8217; || SF_DOMAIN == &#8216;citynews-sassaritoday&#8217; || SF_DOMAIN == &#8216;citynews-tarantotoday&#8217; || SF_DOMAIN == &#8216;citynews-viterbotoday&#8217; || SF_DOMAIN == &#8216;citynews-ferraratoday&#8217; ): ?&gt;&#13;<br \/>\n    &#13;<br \/>\n  &lt;!?php endif; ?&gt;&#13;<br \/>\n  &#13;<br \/>\n&#13;<br \/>\n&#13;<br \/>\n               &#13;<br \/>\n      &#13;<br \/>\n\t\t\t\t&#13;<br \/>\n&#13;<br \/>\n      &#13;<br \/>\n   &#13;<br \/>\n&#13;<br \/>\n      &#13;<br \/>\n                  &#13;<br \/>\n      &#13;<br \/>\n&#13;<\/p>\n","protected":false},"excerpt":{"rendered":"&#13; &#13; &#13; &#13; &#13; &#13; &#13; &#13; &#13; &#13; &#13; Condividi &#13; &#13; &#13; &#13; &#13; &#13;&hellip;\n","protected":false},"author":3,"featured_media":509756,"comment_status":"","ping_status":"","sticky":false,"template":"","format":"standard","meta":{"footnotes":"","_share_on_mastodon":"0"},"categories":[1444],"tags":[15066,5025,689,6304,203,204,1537,90,89,3023,688,7366,20356,253],"class_list":["post-509755","post","type-post","status-publish","format-standard","has-post-thumbnail","category-tv","tag-ascolti","tag-auditel","tag-blog","tag-domenica-in","tag-entertainment","tag-intrattenimento","tag-it","tag-italia","tag-italy","tag-mara-venier","tag-opinioni","tag-orari","tag-trucco","tag-tv"],"share_on_mastodon":{"url":"https:\/\/pubeurope.com\/@it\/116643240586447878","error":""},"_links":{"self":[{"href":"https:\/\/www.europesays.com\/it\/wp-json\/wp\/v2\/posts\/509755","targetHints":{"allow":["GET"]}}],"collection":[{"href":"https:\/\/www.europesays.com\/it\/wp-json\/wp\/v2\/posts"}],"about":[{"href":"https:\/\/www.europesays.com\/it\/wp-json\/wp\/v2\/types\/post"}],"author":[{"embeddable":true,"href":"https:\/\/www.europesays.com\/it\/wp-json\/wp\/v2\/users\/3"}],"replies":[{"embeddable":true,"href":"https:\/\/www.europesays.com\/it\/wp-json\/wp\/v2\/comments?post=509755"}],"version-history":[{"count":0,"href":"https:\/\/www.europesays.com\/it\/wp-json\/wp\/v2\/posts\/509755\/revisions"}],"wp:featuredmedia":[{"embeddable":true,"href":"https:\/\/www.europesays.com\/it\/wp-json\/wp\/v2\/media\/509756"}],"wp:attachment":[{"href":"https:\/\/www.europesays.com\/it\/wp-json\/wp\/v2\/media?parent=509755"}],"wp:term":[{"taxonomy":"category","embeddable":true,"href":"https:\/\/www.europesays.com\/it\/wp-json\/wp\/v2\/categories?post=509755"},{"taxonomy":"post_tag","embeddable":true,"href":"https:\/\/www.europesays.com\/it\/wp-json\/wp\/v2\/tags?post=509755"}],"curies":[{"name":"wp","href":"https:\/\/api.w.org\/{rel}","templated":true}]}}