{"id":509842,"date":"2026-05-26T23:41:15","date_gmt":"2026-05-26T23:41:15","guid":{"rendered":"https:\/\/www.europesays.com\/it\/509842\/"},"modified":"2026-05-26T23:41:15","modified_gmt":"2026-05-26T23:41:15","slug":"piganzoli-puo-vincere-la-maglia-bianca-le-parole-di-vingegaard","status":"publish","type":"post","link":"https:\/\/www.europesays.com\/it\/509842\/","title":{"rendered":"Piganzoli pu\u00f2 vincere la maglia bianca: le parole di Vingegaard"},"content":{"rendered":"<p>                                Il 23enne valtellinese della Visma \u00e8 l&#8217;uomo di fiducia della maglia rosa. Ottavo nella generale e secondo tra i giovani dietro Eulalio, dopo la crisi di Pellizzari pu\u00f2 puntare alla maglia bianca<\/p>\n<p>                    26 maggio &#8211; 21:27  &#8211; CAR\u00ec (SVIZZERA)<\/p>\n<p class=\"paragraph\" spellcheck=\"true\">Alzi la mano chi lo avrebbe pensato al via di Nessebar, Bulgaria, venerd\u00ec 8 maggio: Davide Piganzoli \u00e8 in corsa per la maglia bianca di miglior giovane del Giro d\u2019Italia, e pu\u00f2 vincerla. Il 23enne valtellinese della Visma doveva essere un uomo chiave per Jonas Vingegaard in salita e il suo rendimento sta gi\u00e0 andato oltre le pi\u00f9 rosee aspettative, visto che spesso \u00e8 proprio l\u2019ultimo uomo del danese e, una volta terminato il suo lavoro, riesce a rimanere con i rivali del capitano in salita. La classifica lo sta premiando, anche perch\u00e9 il suo grande amico Giulio Pellizzari \u2013 condizionato da una non perfetta condizione fisica \u2013 \u00e8 andato in crisi e adesso Piganzoli \u00e8 ottavo nella generale, ma soprattutto secondo nella maglia bianca dei giovani, a 2\u201917\u201d da Afonso Eulalio. Il terzo, il francese Rondel, \u00e8 a 4\u201923\u201d e non sembra rappresentare un grande pericolo anche se sta facendo bene.\u00a0<\/p>\n<p>        gratitudine\u2014 \u00a0<\/p>\n<p class=\"paragraph\" spellcheck=\"true\">Finora il portoghese \u00e8 stato bravissimo, dopo aver conquistato la maglia rosa a Potenza che ha difeso con onore fino a sabato a Pila. Per\u00f2 nella terza settimana dovrebbe andare in calando (oggi ha perso terreno) e soprattutto venerd\u00ec e sabato il Giro \u00e8 atteso da due tappe durissime. Piganzoli invece sta continuando a mantenere un ritmo molto alto e, cosa tutt\u2019altro che secondaria, ha incassato oggi delle parole pesanti del capitano Jonas Vingegaard: \u201cSta facendo un lavoro straordinario per me. Vorrei cercare di ricambiare, cercando di fargli vincere una tappa oppure di conquistare la maglia bianca\u201d.\u00a0<\/p>\n<p>        crescita\u2014 \u00a0<\/p>\n<p class=\"paragraph\" spellcheck=\"true\">Piganzoli \u00e8 cresciuto nell\u2019attuale Polti di Basso e Contador e aveva gi\u00e0 concluso due volte il Giro d\u2019Italia nei primi 15 prima di effettuare in salto nel World Tour con lo squadrone olandese che da anni lascia il segno nei grandi giri: il suo agente \u00e8 l\u2019ex pro\u2019 Luca Mazzanti che aveva sempre scommesso, in tempi non sospetti, sul suo talento e su una crescita graduale che lo avrebbe portato a grandi traguardi. In salita Piganzoli \u00e8 molto forte, non \u00e8 fermo a cronometro, insomma si pu\u00f2 parlare di un corridore completo che \u00e8 sempre progredito un passo alla volta e senza esagerare. Questo Giro d\u2019Italia pu\u00f2 essere davvero la svolta per \u201cPiga\u201d, e se ci fosse pure lui sul podio finale di Roma, con vista sul Circo Massimo, l\u2019Italia avrebbe tanti motivi per sorridere.<\/p>\n<p class=\"is-copyright\">\u00a9 RIPRODUZIONE RISERVATA<\/p>\n","protected":false},"excerpt":{"rendered":"Il 23enne valtellinese della Visma \u00e8 l&#8217;uomo di fiducia della maglia rosa. Ottavo nella generale e secondo tra&hellip;\n","protected":false},"author":3,"featured_media":509843,"comment_status":"","ping_status":"","sticky":false,"template":"","format":"standard","meta":{"footnotes":"","_share_on_mastodon":"0"},"categories":[1456],"tags":[2940,842,8230,1824,1307,7714,1825,272389,50843,282341,1598,3369,32871,1251,1537,90,89,14372,1527,2219,280143,162858,10590,22887,67510,5569,2841,3547,245,244,2223],"class_list":["post-509842","post","type-post","status-publish","format-standard","has-post-thumbnail","category-ciclismo","tag-andato","tag-bianca","tag-capitano","tag-ciclismo","tag-crescita","tag-crisi","tag-cycling","tag-eulalio","tag-fargli","tag-fargli-vincere","tag-giovani","tag-giro","tag-giro-italia","tag-grandi","tag-it","tag-italia","tag-italy","tag-jonas","tag-jonas-vingegaard","tag-maglia","tag-maglia-bianca","tag-maglia-rosa","tag-ottavo","tag-pellizzari","tag-piganzoli","tag-rosa","tag-sabato","tag-salita","tag-sport","tag-sports","tag-vingegaard"],"share_on_mastodon":{"url":"https:\/\/pubeurope.com\/@it\/116643527854542410","error":""},"_links":{"self":[{"href":"https:\/\/www.europesays.com\/it\/wp-json\/wp\/v2\/posts\/509842","targetHints":{"allow":["GET"]}}],"collection":[{"href":"https:\/\/www.europesays.com\/it\/wp-json\/wp\/v2\/posts"}],"about":[{"href":"https:\/\/www.europesays.com\/it\/wp-json\/wp\/v2\/types\/post"}],"author":[{"embeddable":true,"href":"https:\/\/www.europesays.com\/it\/wp-json\/wp\/v2\/users\/3"}],"replies":[{"embeddable":true,"href":"https:\/\/www.europesays.com\/it\/wp-json\/wp\/v2\/comments?post=509842"}],"version-history":[{"count":0,"href":"https:\/\/www.europesays.com\/it\/wp-json\/wp\/v2\/posts\/509842\/revisions"}],"wp:featuredmedia":[{"embeddable":true,"href":"https:\/\/www.europesays.com\/it\/wp-json\/wp\/v2\/media\/509843"}],"wp:attachment":[{"href":"https:\/\/www.europesays.com\/it\/wp-json\/wp\/v2\/media?parent=509842"}],"wp:term":[{"taxonomy":"category","embeddable":true,"href":"https:\/\/www.europesays.com\/it\/wp-json\/wp\/v2\/categories?post=509842"},{"taxonomy":"post_tag","embeddable":true,"href":"https:\/\/www.europesays.com\/it\/wp-json\/wp\/v2\/tags?post=509842"}],"curies":[{"name":"wp","href":"https:\/\/api.w.org\/{rel}","templated":true}]}}