{"id":509892,"date":"2026-05-27T00:23:14","date_gmt":"2026-05-27T00:23:14","guid":{"rendered":"https:\/\/www.europesays.com\/it\/509892\/"},"modified":"2026-05-27T00:23:14","modified_gmt":"2026-05-27T00:23:14","slug":"sbloccato-il-decreto-automotive-incentivi-in-arrivo","status":"publish","type":"post","link":"https:\/\/www.europesays.com\/it\/509892\/","title":{"rendered":"Sbloccato il decreto automotive: incentivi in arrivo?"},"content":{"rendered":"<p>Annunciati a met\u00e0 aprile, sono finalmente sbloccati gli oltre <strong>1,3 miliardi di euro<\/strong> destinati al sostegno dell&#8217;<strong>auto<\/strong>. A dare il semaforo verde \u00e8 il Consiglio dei ministri (Cdm) di venerd\u00ec 22 maggio.<\/p>\n<p>Le risorse &#8211; specifica il ministero delle <strong>Imprese e del Made in Italy (Mimit)<\/strong> in una nota &#8211; finanzieranno &#8220;investimenti produttivi, ricerca, sviluppo e innovazione&#8221;, ma sono previsti anche &#8220;<strong>incentivi mirati per la mobilit\u00e0 sostenibile e il rinnovo del parco circolante dei veicoli commerciali<\/strong>&#8220;.<\/p>\n<p>Prima le imprese, poi i privati (ma non auto)<\/p>\n<p>La maggior parte del fondo (oltre il 70%) andr\u00e0 quindi alle imprese del settore, mentre la restante parte (quasi il 30%) stimoler\u00e0 la domanda di veicoli da parte dei privati. In ogni caso, nessuna risorsa a favore delle autovetture: come <a href=\"https:\/\/insideevs.it\/news\/792805\/incentivi-auto-2026-anticipazioni-urso\/\" data-inline-widget=\"internal-links\" data-type-id=\"0\" data-params=\"%7B%22article_edition_id%22%3A%22792805%22%2C%22section%22%3A%221%22%2C%22alias%22%3A%22incentivi-auto-2026-anticipazioni-urso%22%7D\" rel=\"nofollow noopener\" target=\"_blank\">sottolineato nelle scorse settimane dal Mimit<\/a>, a beneficiare dei nuovi incentivi saranno &#8220;<strong>veicoli commerciali e alcune categorie specifiche<\/strong>&#8220;.<\/p>\n<p>La stessa precisazione si trova nel comunicato diffuso nelle ultime ore e nella dichiarazione del ministro <strong>Adolfo Urso<\/strong>:\u00a0&#8220;Un piano strutturale che avr\u00e0 l&#8217;obiettivo di sostenere la trasformazione della filiera, dalla componentistica ai nuovi sistemi di mobilit\u00e0, fino alle tecnologie pi\u00f9 avanzate per veicoli sostenibili, connessi, autonomi e sicuri.<\/p>\n<blockquote>\n<p>\u00c8 la linea che abbiamo indicato fin dall&#8217;inizio, spostando l&#8217;asse dai sussidi al mercato al sostegno agli investimenti delle imprese, con strumenti mirati a sviluppo, ricerca, innovazione, riconversione produttiva e crescita industriale&#8221;.<\/p>\n<\/blockquote>\n<p>Al momento, mancano informazioni su date di avvio e fine, importi, eventuali maggiorazioni per rottamazione e persino motorizzazioni incentivate. Il Governo parla comunque di &#8220;veicoli sostenibili&#8221; e, dunque, possiamo dare per scontato che la categoria comprenda gli <a href=\"https:\/\/insideevs.it\/news\/788688\/iveco-edaily-ricarica-wireless-brebemi\/\" data-inline-widget=\"internal-links\" data-type-id=\"0\" data-params=\"%7B%22article_edition_id%22%3A%22788688%22%2C%22section%22%3A%221%22%2C%22alias%22%3A%22iveco-edaily-ricarica-wireless-brebemi%22%7D\" rel=\"nofollow noopener\" target=\"_blank\">elettrici<\/a>.<\/p>\n","protected":false},"excerpt":{"rendered":"Annunciati a met\u00e0 aprile, sono finalmente sbloccati gli oltre 1,3 miliardi di euro destinati al sostegno dell&#8217;auto. A&hellip;\n","protected":false},"author":3,"featured_media":509893,"comment_status":"","ping_status":"","sticky":false,"template":"","format":"standard","meta":{"footnotes":"","_share_on_mastodon":"0"},"categories":[172],"tags":[178,21191,177,15097,1537,90,89],"class_list":["post-509892","post","type-post","status-publish","format-standard","has-post-thumbnail","category-affari","tag-affari","tag-attualitu00e0","tag-business","tag-ecobonus","tag-it","tag-italia","tag-italy"],"share_on_mastodon":{"url":"https:\/\/pubeurope.com\/@it\/116643693066871207","error":""},"_links":{"self":[{"href":"https:\/\/www.europesays.com\/it\/wp-json\/wp\/v2\/posts\/509892","targetHints":{"allow":["GET"]}}],"collection":[{"href":"https:\/\/www.europesays.com\/it\/wp-json\/wp\/v2\/posts"}],"about":[{"href":"https:\/\/www.europesays.com\/it\/wp-json\/wp\/v2\/types\/post"}],"author":[{"embeddable":true,"href":"https:\/\/www.europesays.com\/it\/wp-json\/wp\/v2\/users\/3"}],"replies":[{"embeddable":true,"href":"https:\/\/www.europesays.com\/it\/wp-json\/wp\/v2\/comments?post=509892"}],"version-history":[{"count":0,"href":"https:\/\/www.europesays.com\/it\/wp-json\/wp\/v2\/posts\/509892\/revisions"}],"wp:featuredmedia":[{"embeddable":true,"href":"https:\/\/www.europesays.com\/it\/wp-json\/wp\/v2\/media\/509893"}],"wp:attachment":[{"href":"https:\/\/www.europesays.com\/it\/wp-json\/wp\/v2\/media?parent=509892"}],"wp:term":[{"taxonomy":"category","embeddable":true,"href":"https:\/\/www.europesays.com\/it\/wp-json\/wp\/v2\/categories?post=509892"},{"taxonomy":"post_tag","embeddable":true,"href":"https:\/\/www.europesays.com\/it\/wp-json\/wp\/v2\/tags?post=509892"}],"curies":[{"name":"wp","href":"https:\/\/api.w.org\/{rel}","templated":true}]}}