{"id":509934,"date":"2026-05-27T01:05:22","date_gmt":"2026-05-27T01:05:22","guid":{"rendered":"https:\/\/www.europesays.com\/it\/509934\/"},"modified":"2026-05-27T01:05:22","modified_gmt":"2026-05-27T01:05:22","slug":"ruggito-reyer-batte-tortona-in-gara-5-e-vola-in-semifinale-ora-la-virtus","status":"publish","type":"post","link":"https:\/\/www.europesays.com\/it\/509934\/","title":{"rendered":"Ruggito Reyer, batte Tortona in gara 5 e vola in semifinale. Ora la Virtus"},"content":{"rendered":"<p>Una partita giocata a ritmi serrati, a tratti confusa, in cui a prevalere \u00e8 stata la voglia di strappare il pass per la fase successiva dei playoff: la Reyer sfrutta per la terza volta il fattore campo nella serie di quarti di finale scudetto contro Tortona, e vola alle semifinali scudetto. Gli orogranata vincono per 89-83 contro i piemontesi e ora andranno a giocarsi un traguardo ancora pi\u00f9 importante contro la corazzata Virtus Bologna, a cui sono serviti tutti i cinque match a disposizione per disinnescare l&#8217;Aquila Trento.<\/p>\n<p><a href=\"https:\/\/whatsapp.com\/channel\/0029VaDSWgR1Hsq4uWb1mS0I\" target=\"_blank\" rel=\"nofollow noopener\"><strong>Clicca qui per iscriverti al canale WhatsApp di VeneziaToday<\/strong><\/a><\/p>\n<p>\u00c8 Cole il grande protagonista del primo periodo di gioco al Taliercio. In un quarto equilibrato, finito 23-23, la guardia americana \u00e8 stata straripante, con 18 punti a referto. Nel secondo quarto, gli orogranata spingono sull&#8217;acceleratore, e toccano il massimo vantaggio (+12) sul 35-23; gli ospiti per quasi tre minuti faticano a trovare la retina, prima della reazione con Pecchia e Baldasso, che riportano Tortona a -5. La gara, come le precedenti, \u00e8 giocata su ritmi molto elevati, e i padroni di casa riescono a strappare ancora una volta, ritrovando il vantaggio in doppia cifra, per poi chiudere il secondo periodo sul 48-40.<\/p>\n<p>A inizio terzo quarto i lagunari spingono ancora, ma sono poco precisi sotto canestro. Gli avversari si rendono pericolosi con Manjon e riducono il distacco a due punti (59-57), quando mancano 4 minuti di gioco. Ma il risultato \u00e8 una fisarmonica continua, gli uomini di coach Neven Spahija trovano maggior concretezza e si riportano sul +9. Ultimo minuto e mezzo di gioco del terzo periodo tutto a marchio Derthona, precisi dall&#8217;arco e in lunetta. Alla fine del terzo periodo due punti separano gli ospiti dai padroni di casa: 68-66.<\/p>\n<p>Ritmo sostenuto nel quarto periodo di gioco, con le squadre che cominciano a patire un po&#8217; di stanchezza. Al minuto 33 Tortona si porta a -1 (73-72). Baldasso, Cole e Tessitori, in sequenza, rianimano gli orogranata, che strappano e si portano sul +6: quando mancano 3&#8217;45&#8221; la Reyer conduce 80-74. Un po&#8217; di confusione sul parquet, a beneficiarne \u00e8 Tortona, che accorcia a -2 (85-83) quando mancano 51 secondi, costringendo coach Spahija al timeout. Da l\u00ec in poi \u00e8 monologo Reyer, che chiuder\u00e0 il match 89-83.<\/p>\n<p>  &#13;<br \/>\n&#13;<br \/>\n  &lt;!?php if ( SF_DOMAIN == &#8216;citynews-bruxellestoday&#8217; || SF_DOMAIN == &#8216;citynews-cagliaritoday&#8217; || SF_DOMAIN == &#8216;citynews-sassaritoday&#8217; || SF_DOMAIN == &#8216;citynews-tarantotoday&#8217; || SF_DOMAIN == &#8216;citynews-viterbotoday&#8217; || SF_DOMAIN == &#8216;citynews-ferraratoday&#8217; ): ?&gt;&#13;<br \/>\n    &#13;<br \/>\n  &lt;!?php endif; ?&gt;&#13;<br \/>\n  &#13;<br \/>\n&#13;<br \/>\n            &#13;<br \/>\n            &#13;<\/p>\n<p>         &#13;<br \/>\n  &#13;<br \/>\n    &#13;<br \/>\n      &#13;<br \/>\n    &#13;<br \/>\n    <strong>2<\/strong> minuti di lettura   &#13;<\/p>\n","protected":false},"excerpt":{"rendered":"Una partita giocata a ritmi serrati, a tratti confusa, in cui a prevalere \u00e8 stata la voglia di&hellip;\n","protected":false},"author":3,"featured_media":509935,"comment_status":"","ping_status":"","sticky":false,"template":"","format":"standard","meta":{"footnotes":"","_share_on_mastodon":"0"},"categories":[1453],"tags":[1756,1757,1537,90,89,12041,251,245,244],"class_list":["post-509934","post","type-post","status-publish","format-standard","has-post-thumbnail","category-basket","tag-basket","tag-basketball","tag-it","tag-italia","tag-italy","tag-reyer","tag-serie-a","tag-sport","tag-sports"],"share_on_mastodon":{"url":"https:\/\/pubeurope.com\/@it\/116643858202285207","error":""},"_links":{"self":[{"href":"https:\/\/www.europesays.com\/it\/wp-json\/wp\/v2\/posts\/509934","targetHints":{"allow":["GET"]}}],"collection":[{"href":"https:\/\/www.europesays.com\/it\/wp-json\/wp\/v2\/posts"}],"about":[{"href":"https:\/\/www.europesays.com\/it\/wp-json\/wp\/v2\/types\/post"}],"author":[{"embeddable":true,"href":"https:\/\/www.europesays.com\/it\/wp-json\/wp\/v2\/users\/3"}],"replies":[{"embeddable":true,"href":"https:\/\/www.europesays.com\/it\/wp-json\/wp\/v2\/comments?post=509934"}],"version-history":[{"count":0,"href":"https:\/\/www.europesays.com\/it\/wp-json\/wp\/v2\/posts\/509934\/revisions"}],"wp:featuredmedia":[{"embeddable":true,"href":"https:\/\/www.europesays.com\/it\/wp-json\/wp\/v2\/media\/509935"}],"wp:attachment":[{"href":"https:\/\/www.europesays.com\/it\/wp-json\/wp\/v2\/media?parent=509934"}],"wp:term":[{"taxonomy":"category","embeddable":true,"href":"https:\/\/www.europesays.com\/it\/wp-json\/wp\/v2\/categories?post=509934"},{"taxonomy":"post_tag","embeddable":true,"href":"https:\/\/www.europesays.com\/it\/wp-json\/wp\/v2\/tags?post=509934"}],"curies":[{"name":"wp","href":"https:\/\/api.w.org\/{rel}","templated":true}]}}