{"id":509936,"date":"2026-05-27T01:06:21","date_gmt":"2026-05-27T01:06:21","guid":{"rendered":"https:\/\/www.europesays.com\/it\/509936\/"},"modified":"2026-05-27T01:06:21","modified_gmt":"2026-05-27T01:06:21","slug":"mercato-la-roma-riscatta-malen-25-milioni-allaston-villa","status":"publish","type":"post","link":"https:\/\/www.europesays.com\/it\/509936\/","title":{"rendered":"Mercato, la Roma riscatta Malen, 25 milioni all&#8217;Aston Villa"},"content":{"rendered":"<p>                                I 14 gol dell&#8217;olandese arrivato a gennaio hanno convinto il tecnico Gasperini che ora vuole affiancargli compagni di reparto dello stesso valore: Greenwood e Summerville in pole<\/p>\n<p class=\"paragraph\" spellcheck=\"true\">Dubbi non ce n&#8217;erano. Mancava solamente l&#8217;ufficialit\u00e0 che \u00e8 arrivata poco fa sui canali ufficiali: la Roma ha riscattato Donyell Malen dall\u2019Aston Villa. Il club giallorosso verser\u00e0 25 milioni di euro nelle casse del club inglese che si aggiungono ai 2 milioni di prestito gi\u00e0 pagati a gennaio. Un vero affare. Le condizioni per il riscatto erano gi\u00e0 scattate grazie alla sola conquista dell\u2019Europa League. Si aspettava solo la fine di una stagione che ha portato al terzo posto per rendere il tutto ufficiale.\u00a0<\/p>\n<p>        la nota\u2014 \u00a0<\/p>\n<p class=\"paragraph\" spellcheck=\"true\">Anche il prossimo anno Gasperini potr\u00e0 contare sul bomber olandese che ha infranto tutti i record come acquisto pi\u00f9 prolifico di gennaio in serie A: 14 gol, due in pi\u00f9 di Balotelli. Solo uno meno di Gullit, al secondo posto dei migliori marcatori olandesi di tutti i tempi in serie A.  Sui social il club ha anche pubblicato un video con Malen in un&#8217;osteria romana che conferma a un tifoso la sua permanenza: &#8220;Bobby resta&#8221;. Questo il comunicato: &#8220;L&#8217;AS Roma conferma di aver effettuato l&#8217;acquisto a titolo definitivo del calciatore Donyell Malen, il cui contratto scade il 30 giugno 2030. L&#8217;attaccante olandese, arrivato nella sessione di mercato invernale, ha collezionato 20 presenze e 15 gol in giallorosso. Congratulazioni, Donyell!&#8221;. L&#8217;impatto di Malen in Serie A \u00e8 stato devastante. Ha trascinato la Roma in Champions League diventando l\u2019uomo simbolo della gestione Gasperini. E il tecnico ora vuole affiancargli compagni di reparto dello stesso valore: Greenwood e Summerville su tutti.  Ora Malen &#8211; che percepire circa 4 milioni a stagione di parte fissa &#8211; voler\u00e0 in America per il Mondiale con la sua Olanda poi a luglio torner\u00e0 in Italia per la preparazione agli ordini di Gasperini.<\/p>\n<p>    Hormoso fino al 2027\u2014 \u00a0<\/p>\n<p class=\"paragraph is-inline\" spellcheck=\"true\">Ma non solo Malen. Perch\u00e9 \u00e8 arrivato anche l\u2019annuncio del primo rinnovo del gruppo di Gasperini. In attesa di quelli (vicini) di Dybala e Pellegrini, \u00e8 arrivato infatti il prolungamento di una stagione per Mario Hermoso. La Roma ha esercitato l&#8217;opzione per il prolungamento del difensore spagnolo  fino al 2027. D\u2019altronde Hermoso \u00e8 stato uno dei fedelissimi della Roma di Gasperini e non si \u00e8 mai opposto al nuovo matrimonio con il club dopo i primi mesi difficili della scorsa stagione.<\/p>\n","protected":false},"excerpt":{"rendered":"I 14 gol dell&#8217;olandese arrivato a gennaio hanno convinto il tecnico Gasperini che ora vuole affiancargli compagni di&hellip;\n","protected":false},"author":3,"featured_media":509937,"comment_status":"","ping_status":"","sticky":false,"template":"","format":"standard","meta":{"footnotes":"","_share_on_mastodon":"0"},"categories":[1452],"tags":[2842,282364,282365,282366,3077,2941,12771,105033,282367,721,554,4021,282368,282369,4385,178965,1740,5301,2614,1976,13659,1537,90,89,130882,6049,987,1821,1739,245,244,577],"class_list":["post-509936","post","type-post","status-publish","format-standard","has-post-thumbnail","category-calcio","tag-acquisto","tag-affiancargli","tag-affiancargli-compagni","tag-affiancargli-compagni-reparto","tag-arrivato","tag-aston","tag-aston-villa","tag-bobby","tag-bobby-resta","tag-calcio","tag-club","tag-compagni","tag-compagni-reparto","tag-compagni-reparto-valore","tag-conferma","tag-donyell","tag-football","tag-gasperini","tag-gennaio","tag-gol","tag-hermoso","tag-it","tag-italia","tag-italy","tag-malen","tag-olandese","tag-roma","tag-serie","tag-soccer","tag-sport","tag-sports","tag-stagione"],"share_on_mastodon":{"url":"https:\/\/pubeurope.com\/@it\/116643862095606452","error":""},"_links":{"self":[{"href":"https:\/\/www.europesays.com\/it\/wp-json\/wp\/v2\/posts\/509936","targetHints":{"allow":["GET"]}}],"collection":[{"href":"https:\/\/www.europesays.com\/it\/wp-json\/wp\/v2\/posts"}],"about":[{"href":"https:\/\/www.europesays.com\/it\/wp-json\/wp\/v2\/types\/post"}],"author":[{"embeddable":true,"href":"https:\/\/www.europesays.com\/it\/wp-json\/wp\/v2\/users\/3"}],"replies":[{"embeddable":true,"href":"https:\/\/www.europesays.com\/it\/wp-json\/wp\/v2\/comments?post=509936"}],"version-history":[{"count":0,"href":"https:\/\/www.europesays.com\/it\/wp-json\/wp\/v2\/posts\/509936\/revisions"}],"wp:featuredmedia":[{"embeddable":true,"href":"https:\/\/www.europesays.com\/it\/wp-json\/wp\/v2\/media\/509937"}],"wp:attachment":[{"href":"https:\/\/www.europesays.com\/it\/wp-json\/wp\/v2\/media?parent=509936"}],"wp:term":[{"taxonomy":"category","embeddable":true,"href":"https:\/\/www.europesays.com\/it\/wp-json\/wp\/v2\/categories?post=509936"},{"taxonomy":"post_tag","embeddable":true,"href":"https:\/\/www.europesays.com\/it\/wp-json\/wp\/v2\/tags?post=509936"}],"curies":[{"name":"wp","href":"https:\/\/api.w.org\/{rel}","templated":true}]}}