{"id":50999,"date":"2025-08-16T14:14:08","date_gmt":"2025-08-16T14:14:08","guid":{"rendered":"https:\/\/www.europesays.com\/it\/50999\/"},"modified":"2025-08-16T14:14:08","modified_gmt":"2025-08-16T14:14:08","slug":"vertice-trump-putin-dai-leader-ue-a-zelensky-le-reazioni-internazionali","status":"publish","type":"post","link":"https:\/\/www.europesays.com\/it\/50999\/","title":{"rendered":"Vertice Trump-Putin, dai leader Ue a Zelensky: le reazioni internazionali"},"content":{"rendered":"<p>&#8220;Questa mattina presto il presidente Trump ha informato noi e il presidente Zelensky dopo il suo incontro con il presidente russo in Alaska il 15 agosto 2025&#8221;, si legge nella <b>dichiarazione congiunta<\/b> della presidente della Commissione europea <b>Ursula von der Leyen<\/b>, del presidente francese <b>Emmanuel Macron<\/b>, della presidente del Consiglio <b>Giorgia Meloni<\/b>, del cancelliere tedesco <b>Friedrich Merz<\/b>, del primo ministro britannico <b>Keir Starmer<\/b>, del presidente finlandese <b>Alexander Stubb<\/b>, del primo ministro polacco <b>Donald Tusk<\/b> e del presidente del Consiglio europeo <b>Antonio Costa<\/b>. &#8220;I leader hanno accolto con favore gli sforzi del presidente Trump per fermare le uccisioni in Ucraina, porre fine alla guerra di aggressione della Russia e raggiungere una pace giusta e duratura. Come ha affermato il presidente Trump, &#8216;<b>non c&#8217;\u00e8 accordo finch\u00e9 non c&#8217;\u00e8 un accordo<\/b>&#8216;. Come previsto dal presidente Trump, il passo successivo deve ora essere un ulteriore dialogo con il presidente\u00a0Zelensky, che <b>incontrer\u00e0 presto<\/b>. Siamo inoltre pronti a collaborare con il presidente Trump e il presidente Zelensky per un <b>vertice trilaterale con il sostegno europeo<\/b>&#8220;, si legge nella dichiarazione congiunta. &#8220;Siamo convinti che l&#8217;Ucraina debba <b>disporre di garanzie di sicurezza ferree<\/b> per difendere efficacemente la propria sovranit\u00e0 e integrit\u00e0 territoriale. Accogliamo con favore la dichiarazione del presidente Trump secondo cui gli Stati Uniti sono <b>pronti a fornire garanzie di sicurezza<\/b>&#8220;, viene messo nero su bianco. &#8220;La <b>Coalizione dei Volenterosi<\/b> \u00e8 pronta a svolgere un ruolo attivo. Non dovrebbero essere imposte limitazioni alle forze armate ucraine o alla sua cooperazione con Paesi terzi. La Russia <b>non pu\u00f2 avere potere di veto sul percorso dell&#8217;Ucraina verso l&#8217;Ue e la Nato<\/b>. Spetter\u00e0 all&#8217;Ucraina prendere decisioni sul suo territorio. I confini internazionali non devono essere modificati con la forza&#8221;, viene specificato. &#8220;Finch\u00e9 continueranno le uccisioni in Ucraina, siamo pronti a <b>continuare a esercitare pressione sulla Russia<\/b>. Continueremo a <b>rafforzare le sanzioni<\/b> e le misure economiche pi\u00f9 ampie per esercitare pressione sull&#8217;economia di guerra russa, fino a quando non ci sar\u00e0 una <b>pace giusta e duratura<\/b>&#8220;, viene sottolineato. &#8220;L&#8217;Ucraina pu\u00f2 contare sulla nostra incrollabile solidariet\u00e0 mentre lavoriamo per una pace che salvaguardi gli interessi vitali di sicurezza dell&#8217;Ucraina e dell&#8217;Europa. <b>Il nostro sostegno all&#8217;Ucraina continuer\u00e0<\/b>&#8220;, recita la nota.<\/p>\n<p>\u00a0<\/p>\n<p><b>Per approfondire<\/b>:\u00a0<a href=\"https:\/\/tg24.sky.it\/mondo\/2025\/02\/20\/ucraina-fondi-unione-europea-usa\" rel=\"nofollow noopener\" target=\"_blank\">Ucraina, chi ha donato di pi\u00f9 tra Ue e Usa? Ecco i dati<\/a><\/p>\n","protected":false},"excerpt":{"rendered":"&#8220;Questa mattina presto il presidente Trump ha informato noi e il presidente Zelensky dopo il suo incontro con&hellip;\n","protected":false},"author":3,"featured_media":51000,"comment_status":"","ping_status":"","sticky":false,"template":"","format":"standard","meta":{"footnotes":""},"categories":[160],"tags":[13244,14,164,165,369,206,126,77,131,166,7,15,171,170,11,167,12,168,3713,12753,410,4526,4528,161,162,163],"class_list":{"0":"post-50999","1":"post","2":"type-post","3":"status-publish","4":"format-standard","5":"has-post-thumbnail","7":"category-mondo","8":"tag-alaska","9":"tag-cronaca","10":"tag-dal-mondo","11":"tag-dalmondo","12":"tag-digitall","13":"tag-donald-trump","14":"tag-giorgia-meloni","15":"tag-guerra","16":"tag-matteo-salvini","17":"tag-mondo","18":"tag-news","19":"tag-notizie","20":"tag-russia","21":"tag-ucraina","22":"tag-ultime-notizie","23":"tag-ultime-notizie-di-mondo","24":"tag-ultimenotizie","25":"tag-ultimenotiziedimondo","26":"tag-unione-europea","27":"tag-ursula-von-der-leyen","28":"tag-usa","29":"tag-vladimir-putin","30":"tag-volodymyr-zelensky","31":"tag-world","32":"tag-world-news","33":"tag-worldnews"},"share_on_mastodon":{"url":"","error":""},"_links":{"self":[{"href":"https:\/\/www.europesays.com\/it\/wp-json\/wp\/v2\/posts\/50999","targetHints":{"allow":["GET"]}}],"collection":[{"href":"https:\/\/www.europesays.com\/it\/wp-json\/wp\/v2\/posts"}],"about":[{"href":"https:\/\/www.europesays.com\/it\/wp-json\/wp\/v2\/types\/post"}],"author":[{"embeddable":true,"href":"https:\/\/www.europesays.com\/it\/wp-json\/wp\/v2\/users\/3"}],"replies":[{"embeddable":true,"href":"https:\/\/www.europesays.com\/it\/wp-json\/wp\/v2\/comments?post=50999"}],"version-history":[{"count":0,"href":"https:\/\/www.europesays.com\/it\/wp-json\/wp\/v2\/posts\/50999\/revisions"}],"wp:featuredmedia":[{"embeddable":true,"href":"https:\/\/www.europesays.com\/it\/wp-json\/wp\/v2\/media\/51000"}],"wp:attachment":[{"href":"https:\/\/www.europesays.com\/it\/wp-json\/wp\/v2\/media?parent=50999"}],"wp:term":[{"taxonomy":"category","embeddable":true,"href":"https:\/\/www.europesays.com\/it\/wp-json\/wp\/v2\/categories?post=50999"},{"taxonomy":"post_tag","embeddable":true,"href":"https:\/\/www.europesays.com\/it\/wp-json\/wp\/v2\/tags?post=50999"}],"curies":[{"name":"wp","href":"https:\/\/api.w.org\/{rel}","templated":true}]}}