{"id":510000,"date":"2026-05-27T02:02:18","date_gmt":"2026-05-27T02:02:18","guid":{"rendered":"https:\/\/www.europesays.com\/it\/510000\/"},"modified":"2026-05-27T02:02:18","modified_gmt":"2026-05-27T02:02:18","slug":"the-family-of-man-a-la-sousta-a-peveragno-la-guida","status":"publish","type":"post","link":"https:\/\/www.europesays.com\/it\/510000\/","title":{"rendered":"\u201cThe Family of Man\u201d a &#8220;La Sousta&#8221; a Peveragno &#8211; La Guida"},"content":{"rendered":"<p>Sar\u00e0 inaugurata domani mercoled\u00ec 27 maggio alle 9.15 negli spazi del centro polifunzionale A la Sousta di Peveragno, la mostra fotografica \u201cThe Family of Man \u2013 Un cosmo nel caos\u201d, progetto nato dal lavoro degli studenti delle terze dell\u2019Istituto Comprensivo Chiusa Pesio-Peveragno.<\/p>\n<p>L\u2019esposizione che offre uno sguardo sul mondo contemporaneo, attraverso gli occhi dei ragazzi, prende ispirazione dalla celebre mostra ideata nel 1955 dal fotografo Edward Steichen al Museum of Modern Art di New York, considerata ancora oggi uno dei pi\u00f9 importanti manifesti artistici dedicati all\u2019umanit\u00e0 e alle esperienze universali che accomunano le persone. La nascita, l\u2019amore, la famiglia, il dolore, la guerra, la speranza.<\/p>\n<p>Partendo da quella visione, gli studenti hanno realizzato una loro personale reinterpretazione, cercando di raccontare il presente e le fragilit\u00e0 del nostro tempo. Il sottotitolo \u201cUn cosmo nel caos\u201d, racchiude il cuore del progetto, la convinzione che nonostante conflitti, divisioni e difficolt\u00e0, esista ancora un ordine fatto di relazioni e emozioni capaci di unire le persone.<\/p>\n<p>Nel testo introduttivo, i ragazzi spiegano come il rischio dell\u2019epoca attuale sia quello di perdere il senso della dignit\u00e0 umana, spesso nascosto dietro superficialit\u00e0, egoismo o indifferenza. Attraverso le fotografie esposte, hanno cercato di interrogarsi su ci\u00f2 che oggi continua a unire gli esseri umani, mettendo in dialogo temi universali con la sensibilit\u00e0 della loro generazione.<\/p>\n<p>Ogni immagine \u00e8 accompagnata da titoli, commenti e traduzioni. Oltre alle lingue studiate a scuola, alcuni ragazzi hanno tradotto i testi anche nella propria lingua madre.<\/p>\n<p>Per l\u2019arte hanno seguito il progetto le insegnanti Cristiana Addis e Matilde Negro, per l\u2019italiano Eleonora Bonanate Valle, Vera Bondi e Igor Ferraro, mentre per le lingue straniere Elena Angioni e Jlenia Bernardi.<\/p>\n<p>La copertina della mostra utilizza un\u2019opera dell\u2019artista Cesare Botto, concessa per l\u2019occasione. Il dipinto richiama la distruzione dell\u2019antica citt\u00e0 di Palmira da parte dell\u2019Isis nel 2015, macerie e caos da cui, simbolicamente, pu\u00f2 nascere una nuova ricostruzione umana e culturale.<\/p>\n<p>La mostra sar\u00e0 visitabile dal 27 al 29 maggio dalle 8 alle 13 e dalle 17 alle 20. Prenotazione al 340.2909669.<\/p>\n","protected":false},"excerpt":{"rendered":"Sar\u00e0 inaugurata domani mercoled\u00ec 27 maggio alle 9.15 negli spazi del centro polifunzionale A la Sousta di Peveragno,&hellip;\n","protected":false},"author":3,"featured_media":510001,"comment_status":"","ping_status":"","sticky":false,"template":"","format":"standard","meta":{"footnotes":"","_share_on_mastodon":"0"},"categories":[1446],"tags":[1615,1613,1614,1611,1610,1612,203,13162,211335,204,282378,1537,90,89,3537,6974],"class_list":["post-510000","post","type-post","status-publish","format-standard","has-post-thumbnail","category-arte-e-design","tag-arte","tag-arte-e-design","tag-arteedesign","tag-arts","tag-arts-and-design","tag-design","tag-entertainment","tag-inaugurazione","tag-inaugurazione-mostra","tag-intrattenimento","tag-istituto-comprensivo-chiusa-di-pesio-peveragno","tag-it","tag-italia","tag-italy","tag-mostra-fotografica","tag-peveragno"],"share_on_mastodon":{"url":"https:\/\/pubeurope.com\/@it\/116644081969839683","error":""},"_links":{"self":[{"href":"https:\/\/www.europesays.com\/it\/wp-json\/wp\/v2\/posts\/510000","targetHints":{"allow":["GET"]}}],"collection":[{"href":"https:\/\/www.europesays.com\/it\/wp-json\/wp\/v2\/posts"}],"about":[{"href":"https:\/\/www.europesays.com\/it\/wp-json\/wp\/v2\/types\/post"}],"author":[{"embeddable":true,"href":"https:\/\/www.europesays.com\/it\/wp-json\/wp\/v2\/users\/3"}],"replies":[{"embeddable":true,"href":"https:\/\/www.europesays.com\/it\/wp-json\/wp\/v2\/comments?post=510000"}],"version-history":[{"count":0,"href":"https:\/\/www.europesays.com\/it\/wp-json\/wp\/v2\/posts\/510000\/revisions"}],"wp:featuredmedia":[{"embeddable":true,"href":"https:\/\/www.europesays.com\/it\/wp-json\/wp\/v2\/media\/510001"}],"wp:attachment":[{"href":"https:\/\/www.europesays.com\/it\/wp-json\/wp\/v2\/media?parent=510000"}],"wp:term":[{"taxonomy":"category","embeddable":true,"href":"https:\/\/www.europesays.com\/it\/wp-json\/wp\/v2\/categories?post=510000"},{"taxonomy":"post_tag","embeddable":true,"href":"https:\/\/www.europesays.com\/it\/wp-json\/wp\/v2\/tags?post=510000"}],"curies":[{"name":"wp","href":"https:\/\/api.w.org\/{rel}","templated":true}]}}