{"id":510205,"date":"2026-05-27T05:24:20","date_gmt":"2026-05-27T05:24:20","guid":{"rendered":"https:\/\/www.europesays.com\/it\/510205\/"},"modified":"2026-05-27T05:24:20","modified_gmt":"2026-05-27T05:24:20","slug":"tuttosport-modric-non-rinnova-e-lascera-il-milan-ha-gia-fatto-sapere-al-club-di-voler-mettere-un-punto","status":"publish","type":"post","link":"https:\/\/www.europesays.com\/it\/510205\/","title":{"rendered":"Tuttosport &#8211; Modric non rinnova e lascer\u00e0 il Milan: &#8220;Ha gi\u00e0 fatto sapere al club di voler mettere un punto&#8221;"},"content":{"rendered":"<p>A pesare sulla scelta di Modric, se verr\u00e0 confermata, sar\u00e0 stato quel che \u00e8 accaduto da domenica sera in poi. Da quando, cio\u00e8, il Milan ha clamorosamente mancato la qualificazione alla prossima Champions League perdendo in casa contro il Cagliari.<\/p>\n<p>Da quel momento si \u00e8 scatenato un vero e proprio <b><strong>terremoto <\/strong><\/b>in seno alla dirigenza. Uno scossone di altissima intensit\u00e0 che ha coinvolto non solo Massimiliano Allegri, ma anche il ds Tare, il dt Moncada e l&#8217;ad Furlani, tutti licenziati in un colpo solo da RedBird.<\/p>\n<p>&#8220;Il rinnovo annuale altro non era che una mera formalit\u00e0 &#8211; scrive ancora Tuttosport &#8211; tutto deciso, in sintonia con Allegri &#8211; a detta sua tra i migliori tecnici mai avuti in carriera &#8211; e con il club. Voleva solo vederci chiaro, e assicurarsi di blindare l\u2019unico vero obiettivo stagionale: il quarto posto&#8221;.<\/p>\n<p>Alla fine il quarto posto non \u00e8 arrivato e questo ha rimesso in discussione tutto quanto. Tanto da portare al ribaltone e, a meno di nuovi colpi di scena, alla separazione tra il Milan e Modric.<\/p>\n","protected":false},"excerpt":{"rendered":"A pesare sulla scelta di Modric, se verr\u00e0 confermata, sar\u00e0 stato quel che \u00e8 accaduto da domenica sera&hellip;\n","protected":false},"author":3,"featured_media":510206,"comment_status":"","ping_status":"","sticky":false,"template":"","format":"standard","meta":{"footnotes":"","_share_on_mastodon":"0"},"categories":[6],"tags":[1744,353,14,8,1537,90,89,50484,553,7,15,82,9,83,10,251,13,355,11,80,84,12,81,85],"class_list":["post-510205","post","type-post","status-publish","format-standard","has-post-thumbnail","category-ultime-notizie","tag-ac-milan","tag-calciomercato","tag-cronaca","tag-headlines","tag-it","tag-italia","tag-italy","tag-l-modric","tag-milan","tag-news","tag-notizie","tag-notizie-di-cronaca","tag-notizie-principali","tag-notiziedicronaca","tag-notizieprincipali","tag-serie-a","tag-titoli","tag-transfers","tag-ultime-notizie","tag-ultime-notizie-di-cronaca","tag-ultime-notizie-e-news-di-oggi","tag-ultimenotizie","tag-ultimenotiziedicronaca","tag-ultimenotizieenewsdioggi"],"share_on_mastodon":{"url":"https:\/\/pubeurope.com\/@it\/116644876468632356","error":""},"_links":{"self":[{"href":"https:\/\/www.europesays.com\/it\/wp-json\/wp\/v2\/posts\/510205","targetHints":{"allow":["GET"]}}],"collection":[{"href":"https:\/\/www.europesays.com\/it\/wp-json\/wp\/v2\/posts"}],"about":[{"href":"https:\/\/www.europesays.com\/it\/wp-json\/wp\/v2\/types\/post"}],"author":[{"embeddable":true,"href":"https:\/\/www.europesays.com\/it\/wp-json\/wp\/v2\/users\/3"}],"replies":[{"embeddable":true,"href":"https:\/\/www.europesays.com\/it\/wp-json\/wp\/v2\/comments?post=510205"}],"version-history":[{"count":0,"href":"https:\/\/www.europesays.com\/it\/wp-json\/wp\/v2\/posts\/510205\/revisions"}],"wp:featuredmedia":[{"embeddable":true,"href":"https:\/\/www.europesays.com\/it\/wp-json\/wp\/v2\/media\/510206"}],"wp:attachment":[{"href":"https:\/\/www.europesays.com\/it\/wp-json\/wp\/v2\/media?parent=510205"}],"wp:term":[{"taxonomy":"category","embeddable":true,"href":"https:\/\/www.europesays.com\/it\/wp-json\/wp\/v2\/categories?post=510205"},{"taxonomy":"post_tag","embeddable":true,"href":"https:\/\/www.europesays.com\/it\/wp-json\/wp\/v2\/tags?post=510205"}],"curies":[{"name":"wp","href":"https:\/\/api.w.org\/{rel}","templated":true}]}}