{"id":510432,"date":"2026-05-27T08:59:13","date_gmt":"2026-05-27T08:59:13","guid":{"rendered":"https:\/\/www.europesays.com\/it\/510432\/"},"modified":"2026-05-27T08:59:13","modified_gmt":"2026-05-27T08:59:13","slug":"bonus-centri-estivi-2026-al-via-il-fondo-nazionale-quando-si-puo-chiedere-il-contributo","status":"publish","type":"post","link":"https:\/\/www.europesays.com\/it\/510432\/","title":{"rendered":"Bonus centri estivi 2026, al via il Fondo nazionale: quando si pu\u00f2 chiedere il contributo"},"content":{"rendered":"<p>Con la fine dell\u2019anno scolastico, per milioni di famiglie italiane si riapre il delicato tema della conciliazione vita-lavoro. La soluzione pi\u00f9 immediata \u00e8 rappresentata dai <strong>centri ricreativi<\/strong>, ma i costi per le rette settimanali possono incidere pesantemente sul bilancio domestico. Fortunatamente, per l\u2019anno in corso, il panorama delle agevolazioni \u00e8 pi\u00f9 solido rispetto al passato: il <strong>bonus centri estivi 2026<\/strong> si articola infatti su tre pilastri principali (nazionale, locale e aziendale), offrendo diverse opportunit\u00e0 di risparmio.<\/p>\n<p>Vediamo come \u00e8 possibile massimizzare i contributi, partendo dai 60 milioni stanziati dal Governo per i Comuni e le detrazioni fiscali previste nel Modello 730.\n<\/p>\n<p>Bonus centri estivi 2026, come funziona il fondo nazionale<\/p>\n<p>La novit\u00e0 pi\u00f9 rilevante per il 2026 riguarda la stabilizzazione del <strong>fondo destinato alle politiche della famiglia<\/strong>. La Legge di Bilancio 2026 (ovvero la <a href=\"https:\/\/www.gazzettaufficiale.it\/eli\/id\/2025\/12\/30\/25G00212\/SG\" target=\"_blank\" rel=\"noopener nofollow\" data-doctype=\"\">Legge n. 199 del 30 dicembre 2025<\/a>) ha infatti reso strutturale lo stanziamento di 60 milioni di euro annui per il potenziamento dei servizi socio-educativi territoriali.<\/p>\n<p>Come funziona l\u2019erogazione ai cittadini<\/p>\n<p>\u00c8 fondamentale sottolineare che questo <a href=\"https:\/\/quifinanza.it\/fisco-tasse\/bonus-fiscali\/centri-estivi-aumenti-bonus-inps\/914096\/\" rel=\"nofollow noopener\" target=\"_blank\">bonus centri estivi<\/a> non viene erogato direttamente dallo Stato al cittadino con un bonifico automatico. Il flusso segue un percorso istituzionale preciso:<\/p>\n<ul>\n<li>i Comuni presentano domanda al Dipartimento per le politiche della famiglia entro il <strong>28 maggio 2026<\/strong>;<\/li>\n<li>tra giugno e luglio, una volta ricevute le risorse (ripartite in base alla popolazione minorile residente), i singoli Comuni pubblicano i propri bandi locali;<\/li>\n<li>ogni Comune, a questo punto, decide in autonomia se utilizzare i fondi per abbassare le rette dei centri comunali o per erogare voucher da spendere presso strutture private accreditate.<\/li>\n<\/ul>\n<p>Per sapere quando verranno stanziati i contributi \u00e8 necessario consultare quotidianamente l\u2019Albo Pretorio del Comune di residenza. Molti bandi comunali per il bonus centri estivi 2026 hanno finestre temporali di pochi giorni e funzionano spesso in base all\u2019ordine di arrivo delle domande.<\/p>\n<p>I bonus regionali<\/p>\n<p>Molte Regioni, tra cui Emilia-Romagna, Toscana e Veneto, integrano il fondo nazionale con risorse proprie (Fondo Sociale Europeo). Questi programmi di <strong>conciliazione vita-lavoro<\/strong> hanno requisiti specifici:<\/p>\n<ul>\n<li>entrambi i genitori devono essere occupati o uno deve essere in mobilit\u00e0\/Cig;<\/li>\n<li>i bandi regionali tendono a coprire famiglie con Isee fino a 30.000 euro o 35.000 euro;<\/li>\n<li>una quota significativa delle risorse \u00e8 destinata a coprire i costi degli educatori di sostegno per i minori con disabilit\u00e0 (Legge 104), garantendo l\u2019integrazione senza costi aggiuntivi per le famiglie.<\/li>\n<\/ul>\n<p>Detrazione fiscale nel Modello 730<\/p>\n<p>Cosa succede se la famiglia non rientra nelle graduatorie del bonus centri estivi? Esiste una possibilit\u00e0 di recupero fiscale, sebbene limitata.<\/p>\n<p>Le spese per i centri estivi non sono detraibili tout court\u00a0come <a href=\"https:\/\/quifinanza.it\/fisco-tasse\/modello-730-2026-spese-scolastiche\/971810\/\" rel=\"nofollow noopener\" target=\"_blank\">spese scolastiche<\/a>. Tuttavia, possono essere portate in detrazione al 19% se il centro \u00e8 gestito da un\u2019Associazione Sportiva Dilettantistica (ASD) o da una Societ\u00e0 Sportiva iscritta al Registro Nazionale delle Attivit\u00e0 Sportive.<\/p>\n<p>La detrazione si applica su <strong>un tetto massimo di 210 euro per figlio<\/strong> (di et\u00e0 compresa tra 5 e 18 anni): si possono recuperare fino a 40 euro circa a figlio nella dichiarazione dei redditi dell\u2019anno successivo.<\/p>\n<p>Welfare aziendale e fringe benefit<\/p>\n<p>Per i dipendenti del settore privato, la vera svolta del 2026 \u00e8 rappresentata dal <strong>welfare aziendale<\/strong>. Grazie alle soglie innalzate per i <a href=\"https:\/\/quifinanza.it\/fisco-tasse\/bonus-fiscali\/fringe-benefit-auto-aziendali-diesel-2026\/952720\/\" rel=\"nofollow noopener\" target=\"_blank\">fringe benefit<\/a> (fino a 2.000 euro per chi ha figli a carico), molte aziende permettono di richiedere il rimborso integrale delle rette del centro estivo. Questo strumento, spesso dimenticato, pu\u00f2 essere particolarmente importante perch\u00e9:<\/p>\n<ul>\n<li>\u00e8 totalmente esentasse (n\u00e9 il dipendente n\u00e9 l\u2019azienda pagano contributi o Irpef su queste somme);<\/li>\n<li>il rimborso avviene direttamente in busta paga o tramite portali dedicati (voucher).<\/li>\n<\/ul>\n","protected":false},"excerpt":{"rendered":"Con la fine dell\u2019anno scolastico, per milioni di famiglie italiane si riapre il delicato tema della conciliazione vita-lavoro.&hellip;\n","protected":false},"author":3,"featured_media":510433,"comment_status":"","ping_status":"","sticky":false,"template":"","format":"standard","meta":{"footnotes":"","_share_on_mastodon":"0"},"categories":[79],"tags":[15803,14,93,94,1537,90,89,50443,7,15,39257,32919,11,84,91,12,85,92],"class_list":["post-510432","post","type-post","status-publish","format-standard","has-post-thumbnail","category-italia","tag-bonus-fiscali","tag-cronaca","tag-cronaca-italiana","tag-cronacaitaliana","tag-it","tag-italia","tag-italy","tag-modello-730","tag-news","tag-notizie","tag-sgravi-fiscali","tag-tasse-e-contributi","tag-ultime-notizie","tag-ultime-notizie-e-news-di-oggi","tag-ultime-notizie-italia","tag-ultimenotizie","tag-ultimenotizieenewsdioggi","tag-ultimenotizieitalia"],"share_on_mastodon":{"url":"https:\/\/pubeurope.com\/@it\/116645721831507301","error":""},"_links":{"self":[{"href":"https:\/\/www.europesays.com\/it\/wp-json\/wp\/v2\/posts\/510432","targetHints":{"allow":["GET"]}}],"collection":[{"href":"https:\/\/www.europesays.com\/it\/wp-json\/wp\/v2\/posts"}],"about":[{"href":"https:\/\/www.europesays.com\/it\/wp-json\/wp\/v2\/types\/post"}],"author":[{"embeddable":true,"href":"https:\/\/www.europesays.com\/it\/wp-json\/wp\/v2\/users\/3"}],"replies":[{"embeddable":true,"href":"https:\/\/www.europesays.com\/it\/wp-json\/wp\/v2\/comments?post=510432"}],"version-history":[{"count":0,"href":"https:\/\/www.europesays.com\/it\/wp-json\/wp\/v2\/posts\/510432\/revisions"}],"wp:featuredmedia":[{"embeddable":true,"href":"https:\/\/www.europesays.com\/it\/wp-json\/wp\/v2\/media\/510433"}],"wp:attachment":[{"href":"https:\/\/www.europesays.com\/it\/wp-json\/wp\/v2\/media?parent=510432"}],"wp:term":[{"taxonomy":"category","embeddable":true,"href":"https:\/\/www.europesays.com\/it\/wp-json\/wp\/v2\/categories?post=510432"},{"taxonomy":"post_tag","embeddable":true,"href":"https:\/\/www.europesays.com\/it\/wp-json\/wp\/v2\/tags?post=510432"}],"curies":[{"name":"wp","href":"https:\/\/api.w.org\/{rel}","templated":true}]}}