{"id":51051,"date":"2025-08-16T14:51:10","date_gmt":"2025-08-16T14:51:10","guid":{"rendered":"https:\/\/www.europesays.com\/it\/51051\/"},"modified":"2025-08-16T14:51:10","modified_gmt":"2025-08-16T14:51:10","slug":"il-giallo-del-ritiro-di-emma-navarro-mette-a-rischio-gli-us-open","status":"publish","type":"post","link":"https:\/\/www.europesays.com\/it\/51051\/","title":{"rendered":"il giallo del ritiro di Emma Navarro mette a rischio gli US Open"},"content":{"rendered":"<p>\n                            Ogni giorno le notizie pi\u00f9 lette della giornata<br \/>\n                            <b>Iscriviti<\/b> e ricevi le notizie via email\n                        <\/p>\n<p><strong>Una specialit\u00e0 che va di moda, al punto da attrarre i pi\u00f9 forti giocatori del circuito mondiale<\/strong>. Che saranno tutti al via della prossima edizione degli\u00a0<strong>US Open<\/strong>, in coppie variegate e incroci di storie e percorsi interessanti. Tutti o quasi dal momento che a poche ore dall\u2019epilogo del torneo di Cincinnati e dall\u2019esordio in doppio misto nello Slam newyorkese, <strong>Jannik Sinner ha dovuto prender atto della rinuncia di Emma Navarro<\/strong>. Certamente a sorpresa se si considera che il torneo proporr\u00e0 un format rivisto rispetto al passato, con 16 coppie, un tabellone concentrato in due giorni (marted\u00ec 19 e mercoled\u00ec 20) e<strong> un milione di dollari di montepremi per la coppia vincitrice<\/strong>.<\/p>\n<p>Oltre a quello di Navarro, che ha intanto scelto di giocare il Wta 500 di Monterrey, <strong>si sono ritirati anche\u00a0Paula Badosa e Tommy Paul<\/strong>.\u00a0Se Jessica Pegula e Jack Draper, che avrebbero dovuto affrontare Paul e Badosa, hanno scelto di giocare insieme, <strong>Sinner avr\u00e0 tempo fino alle 14 americane di domani (le 20 in Italia) per trovare un&#8217;altra compagna<\/strong>. Il posto liberatosi intanto in tabellone \u00e8 andato a\u00a0<strong>Jasmine Paolini e Lorenzo Musetti<\/strong>, seconda coppia tutta italiana dopo quella formata da\u00a0<strong>Sara Errani e Andrea Vavassori<\/strong>,\u00a0vincitori\u00a0lo scorso anno del doppio misto a New York, giocato con formula tradizionale.<\/p>\n<p><img decoding=\"async\" alt=\"\" class=\"wnv-lazy\" src=\"https:\/\/www.europesays.com\/it\/wp-content\/uploads\/2025\/08\/sinni_16144505.jpg\"\/>&#13;<br \/>\nLa spagnola Navarro a Wimbledon&#13;<\/p>\n<p><strong>Non si sa al momento nulla sulle cause del dietrofront della Navarro<\/strong>, che con Sinner aveva scambiato sorrisi e qualche chiacchiera pochi giorni fa proprio a Cincinnati, torneo di cui <strong>Ben Navarro, fondatore e CEO di Sherman Financial Group<\/strong>, \u00e8 anche proprietario.<\/p>\n<p><strong>Cosa far\u00e0 ora Jannik?<\/strong> Cercher\u00e0 davvero una nuova compagna o rinuncer\u00e0 al doppio misto per evitare uno spossante tour de force dopo le fatiche sostenute in Ohio? Non ci vorr\u00e0 tanto tempo per scoprirlo.<\/p>\n","protected":false},"excerpt":{"rendered":"Ogni giorno le notizie pi\u00f9 lette della giornata Iscriviti e ricevi le notizie via email Una specialit\u00e0 che&hellip;\n","protected":false},"author":3,"featured_media":51052,"comment_status":"","ping_status":"","sticky":false,"template":"","format":"standard","meta":{"footnotes":""},"categories":[1457],"tags":[42516,43012,1537,90,89,366,245,244,1273,6665],"class_list":{"0":"post-51051","1":"post","2":"type-post","3":"status-publish","4":"format-standard","5":"has-post-thumbnail","7":"category-tennis","8":"tag-doppio-misto","9":"tag-emma-navarro","10":"tag-it","11":"tag-italia","12":"tag-italy","13":"tag-sinner","14":"tag-sport","15":"tag-sports","16":"tag-tennis","17":"tag-us-open"},"share_on_mastodon":{"url":"","error":""},"_links":{"self":[{"href":"https:\/\/www.europesays.com\/it\/wp-json\/wp\/v2\/posts\/51051","targetHints":{"allow":["GET"]}}],"collection":[{"href":"https:\/\/www.europesays.com\/it\/wp-json\/wp\/v2\/posts"}],"about":[{"href":"https:\/\/www.europesays.com\/it\/wp-json\/wp\/v2\/types\/post"}],"author":[{"embeddable":true,"href":"https:\/\/www.europesays.com\/it\/wp-json\/wp\/v2\/users\/3"}],"replies":[{"embeddable":true,"href":"https:\/\/www.europesays.com\/it\/wp-json\/wp\/v2\/comments?post=51051"}],"version-history":[{"count":0,"href":"https:\/\/www.europesays.com\/it\/wp-json\/wp\/v2\/posts\/51051\/revisions"}],"wp:featuredmedia":[{"embeddable":true,"href":"https:\/\/www.europesays.com\/it\/wp-json\/wp\/v2\/media\/51052"}],"wp:attachment":[{"href":"https:\/\/www.europesays.com\/it\/wp-json\/wp\/v2\/media?parent=51051"}],"wp:term":[{"taxonomy":"category","embeddable":true,"href":"https:\/\/www.europesays.com\/it\/wp-json\/wp\/v2\/categories?post=51051"},{"taxonomy":"post_tag","embeddable":true,"href":"https:\/\/www.europesays.com\/it\/wp-json\/wp\/v2\/tags?post=51051"}],"curies":[{"name":"wp","href":"https:\/\/api.w.org\/{rel}","templated":true}]}}