{"id":51055,"date":"2025-08-16T14:53:11","date_gmt":"2025-08-16T14:53:11","guid":{"rendered":"https:\/\/www.europesays.com\/it\/51055\/"},"modified":"2025-08-16T14:53:11","modified_gmt":"2025-08-16T14:53:11","slug":"non-so-cosa-sia-successo-qualcosa-non-andava-gia-da-prima","status":"publish","type":"post","link":"https:\/\/www.europesays.com\/it\/51055\/","title":{"rendered":"Non so cosa sia successo, qualcosa non andava gi\u00e0 da prima"},"content":{"rendered":"<p><strong>Pecco Bagnaia, nel post partita della gara di MotoGP di Austria, non riesce a spiegare cosa sia successo nella Sprint Race odierna.<\/strong><\/p>\n<p>Piove sul bagnato, forse anche di pi\u00f9. Pecco <strong>Bagnaia<\/strong> non riesce a togliersi di dosso le delusioni di questa stagione, che anzi si accumulano sempre di pi\u00f9 di gara in gara. Dopo delle prove e delle qualifiche di alto livello, nella Sprint Race <strong>Bagnaia<\/strong> \u00e8 partito male, per poi ritirarsi solo dopo tre giri.<\/p>\n<p>Se il compagno di squadra continua a dominare e va sempre pi\u00f9 vicino al titolo Mondiale, lui non riesce a risollevarsi, in un\u2019altra gara da dimenticare.<\/p>\n<p>Bagnaia nel post-gara: \u201cMoto perfetta nel weekend, poi in gara tutto male\u201d<\/p>\n<p>Intervistato dopo la gara a Sky Sport, Pecco ha parlato della gara Sprint di oggi, in cui il ducatista \u00e8 partito male e ha poi posto fine autonomamente alla propria gara dopo pochi giri.<\/p>\n<p> <a href=\"https:\/\/www.europesays.com\/it\/wp-content\/uploads\/2025\/08\/Francesco-Bagnaia-e-Marc-Marquez-1.jpg\"><img loading=\"lazy\" decoding=\"async\" class=\"size-full wp-image-2786154\" src=\"https:\/\/www.europesays.com\/it\/wp-content\/uploads\/2025\/08\/Francesco-Bagnaia-e-Marc-Marquez-1.jpg\" alt=\"Francesco Bagnaia e Marc Marquez - Foto \/Cordon Press \/ IPA Sport \/ IPA\" width=\"1200\" height=\"800\"  \/><\/a>Free practice before MotoGP Red Bull Grand Prix of Las Americas at Las Americas Circuit, Austin, Texas, March 28, 2025 In picture: Marc Marquez and Francesco Bagnaia Entrenamientos libres previos al Gran Premio de Las Americas en el Circuito de Las Americas, Austin, Texas. 28 de Marzo de 2025 POOL\/ MotoGP.com \/ Cordon Press Images will be for editorial use only. Mandatory credit: ?MotoGP.com Cordon Press Cordon Press<\/p>\n<p>\u201cInnanzitutto, vorrei aspettare prima di dire qualcosa di definitivo. Come abbiamo gi\u00e0 detto, bisogna analizzare i dati prima di dire qualcosa di certo. Posso dire personalmente che<strong> gi\u00e0 dal warm-up sentivo qualcosa di strano, e oggi dopo tre giri la mia gomma era gi\u00e0 finita<\/strong>. Sono partito male e poi alla prima curva ero gi\u00e0 senza freni\u201d.<\/p>\n<p>Sulla partenza e la possibilit\u00e0 che il guaio all\u2019inizio sia stato dovuto da un problema precedente, Pecco non ha la certezza di cosa sia accaduto: \u201cQuando una gomma \u00e8 cos\u00ec, pu\u00f2 essere che la conseguenza sia stata la partenza. Aldeguer \u00e8 partito nello sporco come me, e ha \u2018spinnato\u2019 proprio come ho fatto io, ma poi \u00e8 andato forte, quindi non so. Dobbiamo analizzare,<strong> questa gomma per tutti \u00e8 la miglior gomma del weekend, quindi \u00e8 strano ci\u00f2 che \u00e8 accaduto<\/strong>\u201c.<\/p>\n<p>Infine, sulla gara di domani: \u201c<strong>Io il feeling ce l\u2019ho, e ce l\u2019avevo lungo tutto il weekend prima di questa gara<\/strong>. Oggi, invece, non ha funzionato nulla. Domani ho comunque una possibilit\u00e0 se riuscir\u00f2 a partire forte e se tutto andr\u00e0 bene\u201d.<\/p>\n","protected":false},"excerpt":{"rendered":"Pecco Bagnaia, nel post partita della gara di MotoGP di Austria, non riesce a spiegare cosa sia successo&hellip;\n","protected":false},"author":3,"featured_media":51056,"comment_status":"","ping_status":"","sticky":false,"template":"","format":"standard","meta":{"footnotes":""},"categories":[1455],"tags":[19581,1537,90,89,1783,1784,245,244],"class_list":{"0":"post-51055","1":"post","2":"type-post","3":"status-publish","4":"format-standard","5":"has-post-thumbnail","7":"category-moto","8":"tag-in-evidenza","9":"tag-it","10":"tag-italia","11":"tag-italy","12":"tag-moto","13":"tag-motorcycle","14":"tag-sport","15":"tag-sports"},"share_on_mastodon":{"url":"","error":""},"_links":{"self":[{"href":"https:\/\/www.europesays.com\/it\/wp-json\/wp\/v2\/posts\/51055","targetHints":{"allow":["GET"]}}],"collection":[{"href":"https:\/\/www.europesays.com\/it\/wp-json\/wp\/v2\/posts"}],"about":[{"href":"https:\/\/www.europesays.com\/it\/wp-json\/wp\/v2\/types\/post"}],"author":[{"embeddable":true,"href":"https:\/\/www.europesays.com\/it\/wp-json\/wp\/v2\/users\/3"}],"replies":[{"embeddable":true,"href":"https:\/\/www.europesays.com\/it\/wp-json\/wp\/v2\/comments?post=51055"}],"version-history":[{"count":0,"href":"https:\/\/www.europesays.com\/it\/wp-json\/wp\/v2\/posts\/51055\/revisions"}],"wp:featuredmedia":[{"embeddable":true,"href":"https:\/\/www.europesays.com\/it\/wp-json\/wp\/v2\/media\/51056"}],"wp:attachment":[{"href":"https:\/\/www.europesays.com\/it\/wp-json\/wp\/v2\/media?parent=51055"}],"wp:term":[{"taxonomy":"category","embeddable":true,"href":"https:\/\/www.europesays.com\/it\/wp-json\/wp\/v2\/categories?post=51055"},{"taxonomy":"post_tag","embeddable":true,"href":"https:\/\/www.europesays.com\/it\/wp-json\/wp\/v2\/tags?post=51055"}],"curies":[{"name":"wp","href":"https:\/\/api.w.org\/{rel}","templated":true}]}}