{"id":51059,"date":"2025-08-16T14:56:11","date_gmt":"2025-08-16T14:56:11","guid":{"rendered":"https:\/\/www.europesays.com\/it\/51059\/"},"modified":"2025-08-16T14:56:11","modified_gmt":"2025-08-16T14:56:11","slug":"inter-debutto-in-maglia-juve-stabia-per-stabile-e-de-pieri-come-andata","status":"publish","type":"post","link":"https:\/\/www.europesays.com\/it\/51059\/","title":{"rendered":"Inter, debutto in maglia Juve Stabia per Stabile e De Pieri: com&#8217;\u00e8 andata"},"content":{"rendered":"<p>I due giovani canterani nerazzurri, ceduti in prestito nel corso dell&#8217;estate, hanno ufficialmente esordito con la nuova maglia<\/p>\n<p>Si \u00e8 chiusa con una vittoria del Lecce la sfida di Coppa Italia contro la Juve Stabia. Grande interesse da parte dell&#8217;Inter per la presenza di Giacomo Stabile e Giacomo De Pieri, prodotto del settore giovanile nerazzurro passati in prestito questa estate al club campano.<\/p>\n<p>Il tecnico Ignazio Abate non si \u00e8 fatto problemi con loro, schierando dal primo minuto il difensore mancino classe 2005: la sua partita \u00e8 durata fino al minuto 79, quando al suo posto \u00e8 entrato proprio l&#8217;esterno offensivo classe 2006. Per entrambi si trattava dell&#8217;esordio ufficiale con la nuova maglia.<\/p>\n<p class=\"is-copyright\">\u00a9 RIPRODUZIONE RISERVATA<\/p>\n","protected":false},"excerpt":{"rendered":"I due giovani canterani nerazzurri, ceduti in prestito nel corso dell&#8217;estate, hanno ufficialmente esordito con la nuova maglia&hellip;\n","protected":false},"author":3,"featured_media":51060,"comment_status":"","ping_status":"","sticky":false,"template":"","format":"standard","meta":{"footnotes":""},"categories":[1452],"tags":[721,3155,277,43015,1533,1740,5500,350,1537,90,89,565,2219,1739,245,244],"class_list":{"0":"post-51059","1":"post","2":"type-post","3":"status-publish","4":"format-standard","5":"has-post-thumbnail","7":"category-calcio","8":"tag-calcio","9":"tag-classe","10":"tag-de","11":"tag-de-pieri","12":"tag-estate","13":"tag-football","14":"tag-giacomo","15":"tag-inter","16":"tag-it","17":"tag-italia","18":"tag-italy","19":"tag-juve","20":"tag-maglia","21":"tag-soccer","22":"tag-sport","23":"tag-sports"},"share_on_mastodon":{"url":"","error":""},"_links":{"self":[{"href":"https:\/\/www.europesays.com\/it\/wp-json\/wp\/v2\/posts\/51059","targetHints":{"allow":["GET"]}}],"collection":[{"href":"https:\/\/www.europesays.com\/it\/wp-json\/wp\/v2\/posts"}],"about":[{"href":"https:\/\/www.europesays.com\/it\/wp-json\/wp\/v2\/types\/post"}],"author":[{"embeddable":true,"href":"https:\/\/www.europesays.com\/it\/wp-json\/wp\/v2\/users\/3"}],"replies":[{"embeddable":true,"href":"https:\/\/www.europesays.com\/it\/wp-json\/wp\/v2\/comments?post=51059"}],"version-history":[{"count":0,"href":"https:\/\/www.europesays.com\/it\/wp-json\/wp\/v2\/posts\/51059\/revisions"}],"wp:featuredmedia":[{"embeddable":true,"href":"https:\/\/www.europesays.com\/it\/wp-json\/wp\/v2\/media\/51060"}],"wp:attachment":[{"href":"https:\/\/www.europesays.com\/it\/wp-json\/wp\/v2\/media?parent=51059"}],"wp:term":[{"taxonomy":"category","embeddable":true,"href":"https:\/\/www.europesays.com\/it\/wp-json\/wp\/v2\/categories?post=51059"},{"taxonomy":"post_tag","embeddable":true,"href":"https:\/\/www.europesays.com\/it\/wp-json\/wp\/v2\/tags?post=51059"}],"curies":[{"name":"wp","href":"https:\/\/api.w.org\/{rel}","templated":true}]}}