{"id":51072,"date":"2025-08-16T15:05:10","date_gmt":"2025-08-16T15:05:10","guid":{"rendered":"https:\/\/www.europesays.com\/it\/51072\/"},"modified":"2025-08-16T15:05:10","modified_gmt":"2025-08-16T15:05:10","slug":"william-e-kate-pronti-a-trasferirsi-in-un-lodge-ristrutturato-a-windsor-un-nuovo-inizio-dopo-un-periodo-difficile","status":"publish","type":"post","link":"https:\/\/www.europesays.com\/it\/51072\/","title":{"rendered":"William e Kate pronti a trasferirsi in un lodge ristrutturato a Windsor: \u00abun nuovo inizio dopo un periodo difficile\u00bb"},"content":{"rendered":"<p class=\"has-dropcap\">Una nuova casa per un nuovo inizio. \u00c8 quanto hanno deciso <a href=\"https:\/\/www.vanityfair.it\/article\/william-kate-middleton-vacanza-isola-greca-cefalonia-figli-dettagli\" rel=\"nofollow noopener\" target=\"_blank\"><strong>William e Kate<\/strong><\/a>, che entro la fine dell&#8217;anno cambieranno residenza, rimanendo per\u00f2 all&#8217;interno del Windsor Great Park, dove gi\u00e0 vivono da tre anni. La nuova residenza sar\u00e0 il <strong>Forest Lodge<\/strong>, un cottage storico con otto camere da letto che accoglier\u00e0 la coppi reale, insieme ai tre figli <strong><a href=\"https:\/\/www.vanityfair.it\/article\/foto-meglio-racconta-amore-william-kate-middleton-ritorno-isola-mull-anniversario-dopo-anno-piu-difficile\" rel=\"nofollow noopener\" target=\"_blank\">George, Charlotte e Louis.<\/a><\/strong> La notizia riportata dal tabloid britannico The Sun, \u00e8 stata confermata da un portavoce di Kensington Palace e viene letta da molti insiders come <a href=\"https:\/\/www.vanityfair.it\/article\/foto-meglio-racconta-amore-william-kate-middleton-ritorno-isola-mull-anniversario-dopo-anno-piu-difficile\" rel=\"nofollow noopener\" target=\"_blank\"><strong>\u00abun nuovo inizio\u00bb<\/strong><\/a> per la famiglia reale dopo un periodo difficile segnato da momenti e prove dolorose: dalla morte della regina Elisabetta, alle cure a cui \u00e8 stata sottoposta Kate per curare un cancro, fino alla malattia di re Carlo. La famiglia vorrebbe trasferirsi entro Natale e Kate sarebbe stata gi\u00e0 avvistata, impegnata a scegliere un tavolo da 24 posti.<\/p>\n<p>Secondo il Sun, il Forest Lodge, che offre una vista privilegiata a William, appassionato di calcio, sullo stadio di Wembley, rappresenta <strong>\u00abla residenza ideale per la loro giovane famiglia, lontano da Buckingam Palace e anche da Windosr Castle\u00bb<\/strong>, garantendo un ambiente protetto e pi\u00f9 adatto anche alla crescita dei bambini, distante dalle pressioni della capitale. Un dettaglio non secondario riguarda le spese: il cottage avrebbe un valore stimato di <strong>16 milioni di sterline.<\/strong> Come riportato dal tabloid britannico, William e Kate starebbero affrontando personalmente i costi dell&#8217;acquisto e della ristrutturazione della nuova residenza, evitando cos\u00ec oneri per i contribuenti.<\/p>\n<p>Un gesto che unisce il desiderio di intimit\u00e0 familiare alla volont\u00e0 di restituire un&#8217;immagine di sobriet\u00e0 e indipendenza. Un passo distante da quanto fatto da Harry e Meghan quando restaurarono Frogmore Cottage che, riporta il Sun, cost\u00f2 2,4 milioni di sterline ai contribuenti, prima di restituirlo a re Carlo.<\/p>\n","protected":false},"excerpt":{"rendered":"Una nuova casa per un nuovo inizio. \u00c8 quanto hanno deciso William e Kate, che entro la fine&hellip;\n","protected":false},"author":3,"featured_media":51073,"comment_status":"","ping_status":"","sticky":false,"template":"","format":"standard","meta":{"footnotes":""},"categories":[174],"tags":[203,204,1537,90,89,1450,7797],"class_list":{"0":"post-51072","1":"post","2":"type-post","3":"status-publish","4":"format-standard","5":"has-post-thumbnail","7":"category-intrattenimento","8":"tag-entertainment","9":"tag-intrattenimento","10":"tag-it","11":"tag-italia","12":"tag-italy","13":"tag-kate-middleton","14":"tag-william-dinghilterra"},"share_on_mastodon":{"url":"","error":""},"_links":{"self":[{"href":"https:\/\/www.europesays.com\/it\/wp-json\/wp\/v2\/posts\/51072","targetHints":{"allow":["GET"]}}],"collection":[{"href":"https:\/\/www.europesays.com\/it\/wp-json\/wp\/v2\/posts"}],"about":[{"href":"https:\/\/www.europesays.com\/it\/wp-json\/wp\/v2\/types\/post"}],"author":[{"embeddable":true,"href":"https:\/\/www.europesays.com\/it\/wp-json\/wp\/v2\/users\/3"}],"replies":[{"embeddable":true,"href":"https:\/\/www.europesays.com\/it\/wp-json\/wp\/v2\/comments?post=51072"}],"version-history":[{"count":0,"href":"https:\/\/www.europesays.com\/it\/wp-json\/wp\/v2\/posts\/51072\/revisions"}],"wp:featuredmedia":[{"embeddable":true,"href":"https:\/\/www.europesays.com\/it\/wp-json\/wp\/v2\/media\/51073"}],"wp:attachment":[{"href":"https:\/\/www.europesays.com\/it\/wp-json\/wp\/v2\/media?parent=51072"}],"wp:term":[{"taxonomy":"category","embeddable":true,"href":"https:\/\/www.europesays.com\/it\/wp-json\/wp\/v2\/categories?post=51072"},{"taxonomy":"post_tag","embeddable":true,"href":"https:\/\/www.europesays.com\/it\/wp-json\/wp\/v2\/tags?post=51072"}],"curies":[{"name":"wp","href":"https:\/\/api.w.org\/{rel}","templated":true}]}}