{"id":51079,"date":"2025-08-16T15:10:11","date_gmt":"2025-08-16T15:10:11","guid":{"rendered":"https:\/\/www.europesays.com\/it\/51079\/"},"modified":"2025-08-16T15:10:11","modified_gmt":"2025-08-16T15:10:11","slug":"strade-chiuse-in-media-val-bisagno-per-rottura-tubo-acqua","status":"publish","type":"post","link":"https:\/\/www.europesays.com\/it\/51079\/","title":{"rendered":"Strade chiuse in Media Val Bisagno per rottura tubo acqua"},"content":{"rendered":"<p>Strade allagate e chiuse dal primo pomeriggio di oggi, sabato 16 agosto, in Media Val Bisagno a causa della rottura di un tubo che \u00e8 letteralmente esploso facendo fuoriuscire una grande quantit\u00e0 d&#8217;acqua e aprendo una voragine del diametro di circa due metri nell&#8217;asfalto. Senza contare i numerosi appartamenti rimasti senz&#8217;acqua: un disagio, quest&#8217;ultimo, che potrebbe allargarsi a gran parte del territorio municipale.<\/p>\n<p>\u00c8 successo verso le 13,30 all&#8217;incrocio tra via Bobbio, via Montaldo e ponte Campanella, che \u00e8 stato interdetto alla circolazione.\u00a0<\/p>\n<p>Le strade chiuse e la viabilit\u00e0 alternativa<\/p>\n<p>In particolare, la polizia locale ha chiuso temporaneamente via Montaldo verso levante, con il traffico deviato su corso Montegrappa o via Burlando.<\/p>\n<p>Anche il tunnel di Staglieno in direzione mare \u00e8 stato chiuso, con traffico deviato sulla piastra Genova Est per direzione Lungobisagno Istria, via Mandoli e corso De Stefanis.<\/p>\n<p>Infine, via Bobbio in direzione monte \u00e8 stata chiusa temporaneamente, il traffico \u00e8 deviato verso ponte Spemsley.<\/p>\n<p>Possibili carenze alle forniture d&#8217;acqua in tutta la Media Val Bisagno<\/p>\n<p>\u201cA seguito del danno potrebbero verificarsi carenze alle forniture di acqua in tutta la Media Val Bisagno\u201d avvisa il presidente del Municipio Lorenzo Passadore.<\/p>\n<p>Municipio, polizia locale e tecnici di Ireti, che si occupa del ripristino, sono sul posto. Ireti nello specifico ha chiuso l\u2019acqua per contenere la fuoriuscita, ma resta come detto la voragine sulla strada.<\/p>\n<p>I lavori sulla strada<\/p>\n<p>La rottura \u00e8 avvenuta in un punto che era gi\u00e0 soggetto a lavori con un tratto di strada chiuso da settimane. Ma non \u00e8 chiaro se a determinare il guasto siano stati i lavori o altre motivazioni, forse legate alla pressione o al caldo che pu\u00f2 far dilatare il materiale, o un mix di cause.<\/p>\n<p><a href=\"https:\/\/www.genovatoday.it\/\" rel=\"nofollow noopener\" target=\"_blank\">Le altre notizie del giorno<\/a> <\/p>\n","protected":false},"excerpt":{"rendered":"Strade allagate e chiuse dal primo pomeriggio di oggi, sabato 16 agosto, in Media Val Bisagno a causa&hellip;\n","protected":false},"author":3,"featured_media":51080,"comment_status":"","ping_status":"","sticky":false,"template":"","format":"standard","meta":{"footnotes":""},"categories":[6],"tags":[412,14,8,1537,90,89,7,15,82,9,83,10,13,43018,11,80,84,12,81,85],"class_list":{"0":"post-51079","1":"post","2":"type-post","3":"status-publish","4":"format-standard","5":"has-post-thumbnail","7":"category-ultime-notizie","8":"tag-acqua","9":"tag-cronaca","10":"tag-headlines","11":"tag-it","12":"tag-italia","13":"tag-italy","14":"tag-news","15":"tag-notizie","16":"tag-notizie-di-cronaca","17":"tag-notizie-principali","18":"tag-notiziedicronaca","19":"tag-notizieprincipali","20":"tag-titoli","21":"tag-tubi","22":"tag-ultime-notizie","23":"tag-ultime-notizie-di-cronaca","24":"tag-ultime-notizie-e-news-di-oggi","25":"tag-ultimenotizie","26":"tag-ultimenotiziedicronaca","27":"tag-ultimenotizieenewsdioggi"},"share_on_mastodon":{"url":"","error":""},"_links":{"self":[{"href":"https:\/\/www.europesays.com\/it\/wp-json\/wp\/v2\/posts\/51079","targetHints":{"allow":["GET"]}}],"collection":[{"href":"https:\/\/www.europesays.com\/it\/wp-json\/wp\/v2\/posts"}],"about":[{"href":"https:\/\/www.europesays.com\/it\/wp-json\/wp\/v2\/types\/post"}],"author":[{"embeddable":true,"href":"https:\/\/www.europesays.com\/it\/wp-json\/wp\/v2\/users\/3"}],"replies":[{"embeddable":true,"href":"https:\/\/www.europesays.com\/it\/wp-json\/wp\/v2\/comments?post=51079"}],"version-history":[{"count":0,"href":"https:\/\/www.europesays.com\/it\/wp-json\/wp\/v2\/posts\/51079\/revisions"}],"wp:featuredmedia":[{"embeddable":true,"href":"https:\/\/www.europesays.com\/it\/wp-json\/wp\/v2\/media\/51080"}],"wp:attachment":[{"href":"https:\/\/www.europesays.com\/it\/wp-json\/wp\/v2\/media?parent=51079"}],"wp:term":[{"taxonomy":"category","embeddable":true,"href":"https:\/\/www.europesays.com\/it\/wp-json\/wp\/v2\/categories?post=51079"},{"taxonomy":"post_tag","embeddable":true,"href":"https:\/\/www.europesays.com\/it\/wp-json\/wp\/v2\/tags?post=51079"}],"curies":[{"name":"wp","href":"https:\/\/api.w.org\/{rel}","templated":true}]}}