{"id":510850,"date":"2026-05-27T14:37:18","date_gmt":"2026-05-27T14:37:18","guid":{"rendered":"https:\/\/www.europesays.com\/it\/510850\/"},"modified":"2026-05-27T14:37:18","modified_gmt":"2026-05-27T14:37:18","slug":"basket-serie-b1-polemiche-salieri-arbitri-dopo-gara-3-di-vigevano","status":"publish","type":"post","link":"https:\/\/www.europesays.com\/it\/510850\/","title":{"rendered":"Basket, Serie B1: polemiche Salieri-arbitri dopo gara-3 di Vigevano"},"content":{"rendered":"<p>Basket, Serie B1: aspre polemiche tra coach Salieri e gli arbitri post gara 3 Pielle-Vigevano<\/p>\n<p><strong>Non c\u2019\u00e8 playoff senza polemica<\/strong>, specie se si tratta della <a href=\"https:\/\/www.vigevano1955.com\/\" rel=\"nofollow noopener\" target=\"_blank\"><strong>Elachem Vigevano<\/strong><\/a>. <strong>Stavolta<\/strong> ad <strong>innescarla<\/strong> \u00e8 stato il capoallenatore <strong>Stefano Salieri<\/strong>. Nel <strong>post-partita di gara-3<\/strong>, infatti, il coach bolognese al di l\u00e0 dell\u2019aver riconosciuto una superiorit\u00e0 fisica alla squadra toscana <strong>ha duramente contestato il metro arbitrale<\/strong> della terna Di Gennaro-De Rico-Formica.<\/p>\n<p>Intanto, <strong>oggi<\/strong> \u00e8 <strong>iniziata<\/strong> la <strong>vendita dei biglietti<\/strong> per gara-4 per gli <strong>ospiti<\/strong> in programma<strong> domani sera<\/strong>. <strong>Per chi fosse interessato,<\/strong> deve scrivere <strong>una mail<\/strong> alla<strong> societ\u00e0 ospitante<\/strong> <strong>entro<\/strong> le<strong> 19<\/strong> di oggi.<\/p>\n<p>Basket, B1 playoff: coach Salieri contro gli arbitri post-gara 3 tra Pielle e Vigevano: le parole<br \/>\n<img loading=\"lazy\" decoding=\"async\" class=\"size-medium wp-image-31875\" src=\"https:\/\/www.europesays.com\/it\/wp-content\/uploads\/2026\/05\/Salieri-timeout-490x327.jpg\" alt=\"basket playoff vigevano livorno\" width=\"490\" height=\"327\"  \/>Coach Salieri durante un timeout (foto L. Marmonti)<\/p>\n<p>Il capoallenatore dei ducali ha ritenuto uno degli ultimi fischi \u201cirreale\u201d<\/p>\n<p>LEGGI ANCHE\u00a0<a href=\"https:\/\/www.giornaleilpuntopavese.com\/2026\/05\/serie-b2-pallacanestro-pavia-cade-in-gara-3-finisce-dunque-la-stagione-dei-pavesi\/\" rel=\"nofollow noopener\" target=\"_blank\">Serie B2 \u2013 La Pallacanestro Pavia cade in gara 3: finisce dunque la stagione dei pavesi<\/a><\/p>\n<p>Mentre le due squadre si stanno preparando per gara-4 fissata domani sera, <strong>sono ancora molto vive le polemiche<\/strong> su<a href=\"https:\/\/www.giornaleilpuntopavese.com\/2026\/05\/basket-serie-b1-playoff-elachem-vigevano-a-un-passo-dal-matchpoint-con-pielle-74-72\/\" rel=\"nofollow noopener\" target=\"_blank\"> gara-3 giocata ieri<\/a>. Nel post-partita, infatti, Stefano Salieri <strong>non ha usato mezzi termini<\/strong> verso gli arbitri. Testuali parole del coach bolognese:<\/p>\n<p>\u201cI ragazzi hanno giocato una grande partita, di garra e di ritmo \u2013 ha esordito \u2013 A decidere l\u2019incontro per\u00f2 \u00e8 stato un <strong>fischio sprovveduto<\/strong> quanto clamorosamente <strong>fantasioso<\/strong> e <strong>irreale<\/strong>. Questo <strong>episodio<\/strong> ha <strong>messo in cattiva luce una pur buona prestazione complessiva di tutta la terna<\/strong>. Di conseguenza, ha deciso il risultato finale\u201c. Nel secondo tempo in effetti, il <strong>metro<\/strong> ha pi\u00f9 <strong>pesato sugli ospiti<\/strong> <strong>che<\/strong> sui <strong>labronici<\/strong> come dimostra il <strong>30-18<\/strong> di <strong>falli<\/strong> <strong>fischiati<\/strong>.<\/p>\n<p><img loading=\"lazy\" decoding=\"async\" class=\"size-medium wp-image-32713\" src=\"https:\/\/www.europesays.com\/it\/wp-content\/uploads\/2026\/03\/salieri-vs-lumezzane-490x280.jpg\" alt=\"basket playoff vigevano livorno\" width=\"490\" height=\"280\"  \/>Coach Salieri guarda con attenzione l\u2019azione dei giocatori in campo (foto L. Marmonti)<\/p>\n<p>Malgrado ci\u00f2, coach Salieri sa bene che domani sera non si pu\u00f2 sbagliare ancora e perci\u00f2 ha aggiunto: \u201cNonostante questo<strong> la partita l\u2019avevamo fino in fondo<\/strong> \u2013 ha detto \u2013 \u00c8 <strong>una serie molto equilibrata<\/strong> e ci <strong>servir\u00e0<\/strong> anche questa partita <strong>da esperienza<\/strong>. Adesso con calma, <strong>smaltiamo la delusione<\/strong> e senza fare le vittime, <strong>pensiamo a recuperare<\/strong> e a sistemare alcuni dettagli\u201c.<\/p>\n<p>Intanto, in vista di <strong>domani sera<\/strong> la societ\u00e0 Pielle Livorno ha disposto le <strong>modalit\u00e0<\/strong> per la vendita dei <strong>biglietti ospiti<\/strong>. Chi mostrasse interesse, deve mandare<strong> una mail<\/strong> all\u2019indirizzo: <strong>info@piellelivorno.it<\/strong>. Qua si dovranno riportare i <strong>propri dati anagrafici<\/strong> (<strong>nome, cognome, luogo<\/strong> e <strong>data<\/strong> di <strong>nascita<\/strong> e <strong>citt\u00e0<\/strong> di <strong>residenza<\/strong>) assieme alla <strong>copia del bonifico <\/strong>per il pagamento del biglietto.<\/p>\n<p>Il <strong>costo<\/strong> del biglietto, al prezzo di <strong>\u20ac15,00<\/strong>, si <strong>paga\u00a0<\/strong>mediante <strong>bonifico istantaneo<\/strong> all\u2019indirizzo<strong> IBAN IT31J0867313900000000915361<\/strong>. La procedura va fatta <strong>entro<\/strong> le ore <strong>19.00<\/strong> di oggi, <strong>mercoled\u00ec<\/strong> 27 maggio.<\/p>\n","protected":false},"excerpt":{"rendered":"Basket, Serie B1: aspre polemiche tra coach Salieri e gli arbitri post gara 3 Pielle-Vigevano Non c\u2019\u00e8 playoff&hellip;\n","protected":false},"author":3,"featured_media":510851,"comment_status":"","ping_status":"","sticky":false,"template":"","format":"standard","meta":{"footnotes":"","_share_on_mastodon":"0"},"categories":[1453],"tags":[29372,1756,1757,185117,271659,1537,90,89,239222,12040,15266,46464,245,244,282809],"class_list":["post-510850","post","type-post","status-publish","format-standard","has-post-thumbnail","category-basket","tag-arbitri","tag-basket","tag-basketball","tag-elachem-vigevano-1955","tag-gara-3","tag-it","tag-italia","tag-italy","tag-pielle-livorno","tag-playoff","tag-polemiche","tag-serie-b-nazionale","tag-sport","tag-sports","tag-stefano-salieri"],"share_on_mastodon":{"url":"https:\/\/pubeurope.com\/@it\/116647051699374693","error":""},"_links":{"self":[{"href":"https:\/\/www.europesays.com\/it\/wp-json\/wp\/v2\/posts\/510850","targetHints":{"allow":["GET"]}}],"collection":[{"href":"https:\/\/www.europesays.com\/it\/wp-json\/wp\/v2\/posts"}],"about":[{"href":"https:\/\/www.europesays.com\/it\/wp-json\/wp\/v2\/types\/post"}],"author":[{"embeddable":true,"href":"https:\/\/www.europesays.com\/it\/wp-json\/wp\/v2\/users\/3"}],"replies":[{"embeddable":true,"href":"https:\/\/www.europesays.com\/it\/wp-json\/wp\/v2\/comments?post=510850"}],"version-history":[{"count":0,"href":"https:\/\/www.europesays.com\/it\/wp-json\/wp\/v2\/posts\/510850\/revisions"}],"wp:featuredmedia":[{"embeddable":true,"href":"https:\/\/www.europesays.com\/it\/wp-json\/wp\/v2\/media\/510851"}],"wp:attachment":[{"href":"https:\/\/www.europesays.com\/it\/wp-json\/wp\/v2\/media?parent=510850"}],"wp:term":[{"taxonomy":"category","embeddable":true,"href":"https:\/\/www.europesays.com\/it\/wp-json\/wp\/v2\/categories?post=510850"},{"taxonomy":"post_tag","embeddable":true,"href":"https:\/\/www.europesays.com\/it\/wp-json\/wp\/v2\/tags?post=510850"}],"curies":[{"name":"wp","href":"https:\/\/api.w.org\/{rel}","templated":true}]}}