{"id":51089,"date":"2025-08-16T15:19:11","date_gmt":"2025-08-16T15:19:11","guid":{"rendered":"https:\/\/www.europesays.com\/it\/51089\/"},"modified":"2025-08-16T15:19:11","modified_gmt":"2025-08-16T15:19:11","slug":"giro-di-danimarca-2025-mads-pedersen-cala-il-tris-e-conquista-il-successo-finale","status":"publish","type":"post","link":"https:\/\/www.europesays.com\/it\/51089\/","title":{"rendered":"Giro di Danimarca 2025, Mads Pedersen cala il tris e conquista il successo finale!"},"content":{"rendered":"<p>\t\t\t\t\t<a href=\"https:\/\/cyclingpro.net\/spaziociclismo\/altro\/scopri-lapp-ufficiale-di-spaziociclismo\/\" title=\"\" rel=\"nofollow noopener\" target=\"_blank\"><br \/>\n\t\t\t\t\t\t<img loading=\"lazy\" decoding=\"async\" src=\"https:\/\/www.europesays.com\/it\/wp-content\/uploads\/2025\/07\/Banner-App-SpazioCiclismo.png\" alt=\"\" width=\"728\" height=\"91\"\/><br \/>\n\t\t\t\t\t<\/a><\/p>\n<p><strong>Mads Pedersen<\/strong> certifica il suo dominio al <strong>Giro di Danimarca 2025<\/strong> conquistando anche la quinta e ultima tappa. Il portacolori della <strong>Lidl-Trek<\/strong> ha avuto la meglio sul traguardo di <strong>Silkeborg<\/strong> dopo che assieme ai compagni di squadra <strong>S\u00f8ren Kragh Andersen<\/strong> e <strong>Jakob S\u00f6derqvist<\/strong> ha fatto selezione nel breve circuito finale, portando un gruppetto di cinque uomini a giocarsi il successo di giornata. L\u2019ex campione del mondo ha poi prevalso al termine di un serrato testa a testa con <strong>Axel Zingle<\/strong> (Visma | Lease a Bike), mentre S\u00f6derqvist \u00e8 riuscito a cogliere il terzo posto davanti a <strong>Maty\u00e1\u0161 Kopeck\u00fd<\/strong> (Team Novo Nordisk) e a Kragh Andesen.<\/p>\n<p>Per la terza volta in carriera, Pedersen si porta cos\u00ec a casa anche la classifica generale finale, che lo vede trionfare con 1\u201928\u201d di vantaggio su S\u00f6derqvist. Lo svedese \u00e8 riuscito a recuperare due posizioni superando di 2\u2033 <strong>Niklas Larsen<\/strong> (BHS-PL Beton Bornholm) e buttando gi\u00f9 dal podio <strong>Luk\u00e1\u0161 Kubi\u0161<\/strong> (Unibet Tietema Rockets).<\/p>\n<p>Il video dell\u2019arrivo<\/p>\n<p>Il racconto della corsa<\/p>\n<p>La partenza \u00e8 subito piuttosto veloce e vede diversi corridori provare ad avvantaggiarsi: tra i pi\u00f9 attivi si segnala <strong>Jakob Fuglsang<\/strong> (Danimarca), all\u2019ultimo giorno di gara della sua carriera, che riesce a portar via un drappello di attaccanti comprendente anche <strong>Mads W\u00fcrtz Schmidt<\/strong> (Danimarca), <strong>Filippo Ridolfo<\/strong> (Team Novo Nordisk), <strong>Mads Andersen<\/strong> (AIRTOX-Carl Ras), <strong>Mads Landbo<\/strong> (Team Give Steel-2M Cycling Elite), <strong>Marius Innhaug Dahl<\/strong> e <strong>Daniel Weis Nielsen<\/strong> (Decathlon AG2R La Mondiale Development), <strong>Conrad Haugsted<\/strong> e <strong>Anders Vos S\u00f8rensen<\/strong> (Team ColoQuick).<\/p>\n<p>Il gruppo non concede per\u00f2 loro molto spazio, con il gap cha arriva a toccare un massimo di due minuti prima di stabilizzarsi su 1\u201940\u201d grazie al lavoro di <strong>Alpecin-Deceuninck<\/strong>, <strong>Team Picnic PostNL<\/strong> e <strong>Visma | Lease a Bike<\/strong>, alle quali in seguito si aggiunge anche l\u2019<strong>Euskaltel-Euskadi<\/strong>. A causa di un problema meccanico, W\u00fcrtz Schmidt perde contatto dai battistrada e viene ripreso dal plotone a poco pi\u00f9 di 100 chilometri dalla conclusione; davanti restano cos\u00ec in otto, con un vantaggio che inizia pian piano a calare fino a scendere sotto al minuto ai -55 dal traguardo.<\/p>\n<p>Nei chilometri seguenti il distacco tra la testa della corsa e il gruppo si mantiene tra i 40\u2033 e i 55\u2033, dunque ai -37 dall\u2019arrivo Mads Andersen accelera per provare a dare nuovo impulso alla fuga. Il 24enne resta al comando da solo, mentre Landbo e Haugsted pagano l\u2019allungo e si staccano, venendo rapidamente ripresi dal plotone, che dopo una dozzina di chilometri va a riassorbire anche gli altri ex attaccanti. Andersen entra quindi solitario nel circuito finale di <strong>Silkeborg<\/strong> con ancora una ventina di secondi di vantaggio, ma la sua azione si esaurisce presto e il gruppo torna compatto a 17 chilometri dalla conclusione.<\/p>\n<p>A quel punto \u00e8 la <strong>Lidl-Trek<\/strong> a prendere in mano la situazione e a imporre un ritmo forsennato sul breve strappetto che porta al secondo passaggio sulla linea d\u2019arrivo. Davanti restano solamente <strong>Mads Pedersen<\/strong>, <strong>S\u00f8ren Kragh Andersen<\/strong> e <strong>Jakob S\u00f6derqvist<\/strong> (Lidl-Trek), <strong>Axel Zingle<\/strong> (Visma | Lease a Bike),<strong> Luk\u00e1\u0161 Kubi\u0161<\/strong> (Unibet Tietema Rockets), <strong>Maty\u00e1\u0161 Kopeck\u00fd<\/strong> (Team Novo Nordisk) e <strong>Niklas Larsen<\/strong> (BHS-PL Beton Bornholm), che guadagnano rapidamente poco meno di venti secondi sul plotone, ma il successivo passaggio sullo strappo vede un nuovo forcing del terzetto Lidl-Trek che manda in difficolt\u00e0 Kubi\u0161 e Larsen.<\/p>\n<p>I cinque battistrada rimasti iniziano l\u2019ultima tornata con mezzo minuto di margine sul gruppo, che non riesce a recuperare dato che davanti i Lidl-Trek spingono a tutta. Si arriva cos\u00ec allo strappo finale con Pedersen che prova a staccare tutti per arrivare in solitaria, ma Zingle non molla e gli ritorna a ruota; il danese quindi rallenta e consente cos\u00ec anche il rientro di Kopeck\u00fd, S\u00f6derqvist e Kragh Andersen, il quale si mette in testa per tirare la volata al proprio capitano nelle ultime centinaia di metri nei quali la strada spiana. Lo sprint \u00e8 combattutissimo e vede Zingle riuscire ad affiancare ma non superare Pedersen, che festeggia cos\u00ec la terza vittoria di tappa e il terzo successo finale nella corsa di casa.<\/p>\n<p>Risultato e Classifiche Tappa 5 Giro di Danimarca 2025<\/p>\n<p>\ufeff\ufeff\ufeff<\/p>\n","protected":false},"excerpt":{"rendered":"Mads Pedersen certifica il suo dominio al Giro di Danimarca 2025 conquistando anche la quinta e ultima tappa.&hellip;\n","protected":false},"author":3,"featured_media":51090,"comment_status":"","ping_status":"","sticky":false,"template":"","format":"standard","meta":{"footnotes":""},"categories":[1456],"tags":[1824,1825,20959,1537,90,89,15119,29893,245,244],"class_list":{"0":"post-51089","1":"post","2":"type-post","3":"status-publish","4":"format-standard","5":"has-post-thumbnail","7":"category-ciclismo","8":"tag-ciclismo","9":"tag-cycling","10":"tag-giro-di-danimarca-2025","11":"tag-it","12":"tag-italia","13":"tag-italy","14":"tag-lidl-trek-2025","15":"tag-mads-pedersen","16":"tag-sport","17":"tag-sports"},"share_on_mastodon":{"url":"","error":""},"_links":{"self":[{"href":"https:\/\/www.europesays.com\/it\/wp-json\/wp\/v2\/posts\/51089","targetHints":{"allow":["GET"]}}],"collection":[{"href":"https:\/\/www.europesays.com\/it\/wp-json\/wp\/v2\/posts"}],"about":[{"href":"https:\/\/www.europesays.com\/it\/wp-json\/wp\/v2\/types\/post"}],"author":[{"embeddable":true,"href":"https:\/\/www.europesays.com\/it\/wp-json\/wp\/v2\/users\/3"}],"replies":[{"embeddable":true,"href":"https:\/\/www.europesays.com\/it\/wp-json\/wp\/v2\/comments?post=51089"}],"version-history":[{"count":0,"href":"https:\/\/www.europesays.com\/it\/wp-json\/wp\/v2\/posts\/51089\/revisions"}],"wp:featuredmedia":[{"embeddable":true,"href":"https:\/\/www.europesays.com\/it\/wp-json\/wp\/v2\/media\/51090"}],"wp:attachment":[{"href":"https:\/\/www.europesays.com\/it\/wp-json\/wp\/v2\/media?parent=51089"}],"wp:term":[{"taxonomy":"category","embeddable":true,"href":"https:\/\/www.europesays.com\/it\/wp-json\/wp\/v2\/categories?post=51089"},{"taxonomy":"post_tag","embeddable":true,"href":"https:\/\/www.europesays.com\/it\/wp-json\/wp\/v2\/tags?post=51089"}],"curies":[{"name":"wp","href":"https:\/\/api.w.org\/{rel}","templated":true}]}}