{"id":51091,"date":"2025-08-16T15:20:09","date_gmt":"2025-08-16T15:20:09","guid":{"rendered":"https:\/\/www.europesays.com\/it\/51091\/"},"modified":"2025-08-16T15:20:09","modified_gmt":"2025-08-16T15:20:09","slug":"favoriti-e-strategie-in-austria","status":"publish","type":"post","link":"https:\/\/www.europesays.com\/it\/51091\/","title":{"rendered":"favoriti e strategie in Austria"},"content":{"rendered":"<p>Spielberg, 16 agosto 2025 \u2013 Sempre e solo mono-<strong>Marquez<\/strong>. Anche in Austria. Il sabato ha sancito ancora la superiorit\u00e0 di Marc, secondo sempre il fratello, mentre un problema ha tolto di mezzo Pecco <strong>Bagnaia<\/strong> che pu\u00f2 ancora sperare nella domenica, visto il buon passo messo in mostra al venerd\u00ec. Insomma, la legge del pi\u00f9 forte vige anche su un circuito dove <strong>Marquez<\/strong> non aveva mai vinto e nonostante la pole fosse andata a Marco <strong>Bezzecchi<\/strong>, sorprendente sull\u2019Aprilia. Potrebbe essere una gara domenicale combattuta, ma bisogner\u00e0 evitare che Marc prenda la testa subito.<\/p>\n<p>Il venerd\u00ec <\/p>\n<p>Al venerd\u00ec solito miglior tempo per Marc <strong>Marquez<\/strong>, che ha piazzato la zampata nelle prequalifiche, anche se Pecco <strong>Bagnaia<\/strong> aveva mostrato un passo gara interessante e da lotta alla vittoria con gomma usata. Da tempo non si era visto un venerd\u00ec cos\u00ec competitivo per il numero 63, ma la solita sprint race, come vedremo dopo, ha riportato tutti sulla terra. Fuori dalla Q2 diretta erano rimasti i due piloti Aprilia, Fabio Di Giannantonio e Fabio Quartararo, con una Yamaha mai competitiva su un tracciato di motore e trazione come <strong>Spielberg<\/strong>.<\/p>\n<p>La griglia di partenza <\/p>\n<p>Una pole a sorpresa per Marco <strong>Bezzecchi<\/strong>. Il pilota dell\u2019Aprilia, costretto a passare dalla Q1 a causa di una prequalifica deludente al venerd\u00ec, si \u00e8 preso la prima casella con il tempo di 1\u201928\u201d060, quindi sopra al record della pista, ma sufficiente per battere di 16 millesimi Alex <strong>Marquez<\/strong> e di 142 Pecco <strong>Bagnaia<\/strong>. Seconda fila per Marc <strong>Marquez<\/strong> a 160 millesimi complice una scivolata in Q2 in curva 2b.  <strong>Prima fila<\/strong>: Marco Bezzecchi (Aprilia 1:28.060); Alex Marquez (Ducati +0.016); Francesco Bagnaia (Ducati +0.142). <strong>Seconda fila<\/strong>: Marc Marquez (Ducati +0.160); Enea Bastianini (KTM +0.176); Fermin Aldeguer (Ducati +0.242). <strong>Terza fila<\/strong>: Pedro Acosta (KTM +0.356); Franco Morbidelli (Ducati +0.379); Raul Fernandez (Aprilia +0.488). <strong>Quarta fila<\/strong>: Joan Mir (Honda +0.611); Brad Binder (KTM +0.701); Johann Zarco (Honda +0.727). <strong>Quinta fila<\/strong>: Luca Marini (Honda); Jorge Martin (Aprilia); Fabio Quartararo (Yamaha). <strong>Sesta fila<\/strong>: Fabio Di Giannantonio (Ducati); Alex Rins (Yamaha); Miguel Oliveira (Yamaha). <strong>Settima fila<\/strong>: Jack Miller (Yamaha); Ai Ogura (Aprilia); Mavirck Vi\u00f1ales (Aprilia).<\/p>\n<p>La Sprint Race <\/p>\n<p>Ancora mono-Marquez nella sprint race. Gli italiani si sono praticamente subito chiamati fuori dalla lotta. <strong>Bagnaia<\/strong> ha avuto un problema in partenza, forse causato da un inconveniente alla gomma posteriore che poi lo ha costretto al ritiro, mentre Marco <strong>Bezzecchi<\/strong> non \u00e8 riuscito a difendere la pole ed \u00e8 stato sopravanzato dai due <strong>Marquez<\/strong> prima e da Pedro <strong>Acosta<\/strong> poi. Nella lotta alla vittoria, Marc ha atteso il momento giusto per superare Alex, sfruttando una indecisione in uscita da curva 2B per l\u2019affondo in staccata in curva 3. Gli ultimi giri sono stati di fatto una passerella per l\u2019ennesima vittoria stagionale davanti al fratello e ad <strong>Acosta<\/strong>, che si \u00e8 difeso nel finale da <strong>Bezzecchi<\/strong>. Anche in Austria, dove non aveva mai vinto, c\u2019\u00e8 stato il timbro inequivocabile di Marc Marquez. Per effetto della gara sprint, il numero 93 ha aumentato ulteriormente il divario in classifica con 393 punti contro i 270 di Alex Marquez, i 213 di Francesco Bagnaia e i 162 di Marco Bezzecchi.<\/p>\n<p>Le dichiarazioni dei protagonisti <\/p>\n<p>Ancora vittorioso Marc <strong>Marquez<\/strong>, praticamente dominante nelle sprint. Stavolta, il leader del mondiale ha beneficiato di un errore in accelerazione di Alex in uscita da curva 2b per il sorpasso in curva 3: \u201cNon ero completamente in controllo e volevo passare Alex subito, ma non sono riuscito a farlo. Stavamo andando molto forte, poi ho avuto dei bloccaggi e ho preso margine per riattaccare nel finale, ma se non avesse commesso un errore in curva 2B non sarebbe stato facile superarlo. Gara lunga? Su questa pista<strong> Bagnaia, Bezzecchi <\/strong>e Alex sono molto vicini. Mi aspetto una gara difficile\u201d. Alex <strong>Marquez<\/strong> ha invece pensato al secondo posto in campionato e con <strong>Bagnaia<\/strong> fuori alla fine si \u00e8 accontentato dei nove punti: \u201cHo fatto una Sprint perfetta fino a quella curva 2B, sono stato troppo aggressivo nel cambio di direzione e in uscita ho avuto dei pompaggi. Una volta che Marc mi ha passato sapevo di non poter rispondere perch\u00e9 come passo siamo un po\u2019 dietro sia a lui che a Pecco\u201d. Qualifica difficile per Pedro <strong>Acosta<\/strong>, che \u00e8 rimasto anche senza benzina, ma alla fine il terzo posto nella Sprint \u00e8 il massimo possibile con questi valori in campo. Queste le parole dello spagnolo dopo il sabato: \u201cIn qualifica abbiamo pasticciato e ci siamo complicati la vita, ma devo essere sincero pi\u00f9 di terzo era impossibile. Il nostro massimo \u00e8 questo perch\u00e9 Marc e Alex avevano un passo migliore\u201d.<\/p>\n<p>I favoriti <\/p>\n<p>Il venerd\u00ec aveva detto chiaro e tondo che i due ducatisti ufficiali avevano fatto vedere il passo migliore. Simile il ritmo di <strong>Marquez e Bagnaia<\/strong>, ma la sfida al sabato non si \u00e8 vista dato il ritiro del numero 63. La si potrebbe vedere la domenica, contando sul fatto che lo spagnolo parte solo quarto. Fino alla sprint era stato uno dei migliori weekend stagionali per Bagnaia e c\u2019\u00e8 ancora possibilit\u00e0 di vivere una domenica da protagonisti anche se il mondiale \u00e8 andato. Pecco avrebbe bisogno di una iniezione di fiducia. Dietro, si lotta per il podio. Alex <strong>Marquez<\/strong> sembra avere qualcosa in pi\u00f9 sia di Pedro <strong>Acosta<\/strong> che di Marco <strong>Bezzecchi<\/strong>. Per quanto riguarda le strategie, le scelte potrebbero ricadere su hard all\u2019anteriore e media al posteriore.<\/p>\n<p>Orari tv <\/p>\n<p>Per quanto riguarda la domenica di gare, appuntamento come di consueto alle 11 con la Moto 3, poi a seguire la Moto 2 alle 12.15 e la Moto gp alle 14. Tutto in diretta su Sky Sport e Sky Sport Moto gp, in streaming su Now Tv e Sky Go. In chiaro, differita tre ore dopo delle gare delle tre classi: Moto 3 alle 14.05, Moto 2 alle 15.15 e Moto gp alle 17.05.  <strong><a rel=\"follow nofollow noopener\" href=\"https:\/\/sport.quotidiano.net\/motomondiale\/sprint-race-motogp-oggi-marc-marquez-82c45078\" target=\"_blank\">Leggi anche &#8211; Moto gp, Marc Marquez vince la Sprint Race<\/a><\/strong><\/p>\n","protected":false},"excerpt":{"rendered":"Spielberg, 16 agosto 2025 \u2013 Sempre e solo mono-Marquez. Anche in Austria. Il sabato ha sancito ancora la&hellip;\n","protected":false},"author":3,"featured_media":51092,"comment_status":"","ping_status":"","sticky":false,"template":"","format":"standard","meta":{"footnotes":""},"categories":[1455],"tags":[8236,3654,25352,3345,1537,90,89,3442,1783,1784,43027,245,244,43028,9329],"class_list":{"0":"post-51091","1":"post","2":"type-post","3":"status-publish","4":"format-standard","5":"has-post-thumbnail","7":"category-moto","8":"tag-austria","9":"tag-bagnaia","10":"tag-favoriti","11":"tag-gp","12":"tag-it","13":"tag-italia","14":"tag-italy","15":"tag-marquez","16":"tag-moto","17":"tag-motorcycle","18":"tag-provarci","19":"tag-sport","20":"tag-sports","21":"tag-strategie","22":"tag-superiore"},"share_on_mastodon":{"url":"","error":""},"_links":{"self":[{"href":"https:\/\/www.europesays.com\/it\/wp-json\/wp\/v2\/posts\/51091","targetHints":{"allow":["GET"]}}],"collection":[{"href":"https:\/\/www.europesays.com\/it\/wp-json\/wp\/v2\/posts"}],"about":[{"href":"https:\/\/www.europesays.com\/it\/wp-json\/wp\/v2\/types\/post"}],"author":[{"embeddable":true,"href":"https:\/\/www.europesays.com\/it\/wp-json\/wp\/v2\/users\/3"}],"replies":[{"embeddable":true,"href":"https:\/\/www.europesays.com\/it\/wp-json\/wp\/v2\/comments?post=51091"}],"version-history":[{"count":0,"href":"https:\/\/www.europesays.com\/it\/wp-json\/wp\/v2\/posts\/51091\/revisions"}],"wp:featuredmedia":[{"embeddable":true,"href":"https:\/\/www.europesays.com\/it\/wp-json\/wp\/v2\/media\/51092"}],"wp:attachment":[{"href":"https:\/\/www.europesays.com\/it\/wp-json\/wp\/v2\/media?parent=51091"}],"wp:term":[{"taxonomy":"category","embeddable":true,"href":"https:\/\/www.europesays.com\/it\/wp-json\/wp\/v2\/categories?post=51091"},{"taxonomy":"post_tag","embeddable":true,"href":"https:\/\/www.europesays.com\/it\/wp-json\/wp\/v2\/tags?post=51091"}],"curies":[{"name":"wp","href":"https:\/\/api.w.org\/{rel}","templated":true}]}}