{"id":51097,"date":"2025-08-16T15:24:10","date_gmt":"2025-08-16T15:24:10","guid":{"rendered":"https:\/\/www.europesays.com\/it\/51097\/"},"modified":"2025-08-16T15:24:10","modified_gmt":"2025-08-16T15:24:10","slug":"lino-banfi-denuncia-mia-identita-usata-per-pubblicita-meschina-tv","status":"publish","type":"post","link":"https:\/\/www.europesays.com\/it\/51097\/","title":{"rendered":"Lino Banfi denuncia: &#8216;Mia identit\u00e0 usata per pubblicit\u00e0 meschina&#8217; &#8211; Tv"},"content":{"rendered":"<p>&#8220;Non posso permettere che la mia identit\u00e0 personale, umana e professionale, apprezzata da tanti amici come quella di un serio nonno di famiglia, sia volgarizzata per promuovere una pubblicit\u00e0 meschina che tende a strumentalizzare la credulit\u00e0 popolare al fine di perpretare un futile inganno&#8221;. A dichiararlo all&#8217;ANSA \u00e8 Lino Banfi, denunciando la diffusione sui social di un video in cui con la sua voce (chiaramente riprodotta con l&#8217;intelligenza artificiale ndr) gli si attribuiscono una serie di falsit\u00e0 per pubblicizzare una crema miracolosa. <br \/>\u00a0\u00a0\u00a0 &#8220;Ho gi\u00e0 incaricato il mio avvocato Giorgio Assumma &#8211; aggiunge Banfi &#8211; di intraprendere le opportune iniziative legali in tutte le sedi competenti anche a livello internazionali, affinch\u00e9 i colpevoli e i loro intermediari vengano severamente puniti&#8221;.<br \/>\u00a0\u00a0\u00a0<\/p>\n<p class=\"article-copyright\">\n<p>Riproduzione riservata \u00a9 Copyright ANSA<\/p>\n","protected":false},"excerpt":{"rendered":"&#8220;Non posso permettere che la mia identit\u00e0 personale, umana e professionale, apprezzata da tanti amici come quella di&hellip;\n","protected":false},"author":3,"featured_media":51098,"comment_status":"","ping_status":"","sticky":false,"template":"","format":"standard","meta":{"footnotes":""},"categories":[1451],"tags":[4008,5135,1621,1620,7022,43033,10320,17618,203,43035,42922,7808,14635,6402,668,43034,204,1537,90,89,42739,987,2392],"class_list":{"0":"post-51097","1":"post","2":"type-post","3":"status-publish","4":"format-standard","5":"has-post-thumbnail","7":"category-celebrita","8":"tag-amico","9":"tag-ansa","10":"tag-celebrita","11":"tag-celebrities","12":"tag-colpevole","13":"tag-credulita","14":"tag-crema","15":"tag-diffusione","16":"tag-entertainment","17":"tag-falsita","18":"tag-giorgio-assumma","19":"tag-identita","20":"tag-inganno","21":"tag-iniziativa","22":"tag-intelligenza-artificiale","23":"tag-intermediario","24":"tag-intrattenimento","25":"tag-it","26":"tag-italia","27":"tag-italy","28":"tag-lino-banfi","29":"tag-roma","30":"tag-video"},"share_on_mastodon":{"url":"","error":""},"_links":{"self":[{"href":"https:\/\/www.europesays.com\/it\/wp-json\/wp\/v2\/posts\/51097","targetHints":{"allow":["GET"]}}],"collection":[{"href":"https:\/\/www.europesays.com\/it\/wp-json\/wp\/v2\/posts"}],"about":[{"href":"https:\/\/www.europesays.com\/it\/wp-json\/wp\/v2\/types\/post"}],"author":[{"embeddable":true,"href":"https:\/\/www.europesays.com\/it\/wp-json\/wp\/v2\/users\/3"}],"replies":[{"embeddable":true,"href":"https:\/\/www.europesays.com\/it\/wp-json\/wp\/v2\/comments?post=51097"}],"version-history":[{"count":0,"href":"https:\/\/www.europesays.com\/it\/wp-json\/wp\/v2\/posts\/51097\/revisions"}],"wp:featuredmedia":[{"embeddable":true,"href":"https:\/\/www.europesays.com\/it\/wp-json\/wp\/v2\/media\/51098"}],"wp:attachment":[{"href":"https:\/\/www.europesays.com\/it\/wp-json\/wp\/v2\/media?parent=51097"}],"wp:term":[{"taxonomy":"category","embeddable":true,"href":"https:\/\/www.europesays.com\/it\/wp-json\/wp\/v2\/categories?post=51097"},{"taxonomy":"post_tag","embeddable":true,"href":"https:\/\/www.europesays.com\/it\/wp-json\/wp\/v2\/tags?post=51097"}],"curies":[{"name":"wp","href":"https:\/\/api.w.org\/{rel}","templated":true}]}}