{"id":511094,"date":"2026-05-27T17:59:19","date_gmt":"2026-05-27T17:59:19","guid":{"rendered":"https:\/\/www.europesays.com\/it\/511094\/"},"modified":"2026-05-27T17:59:19","modified_gmt":"2026-05-27T17:59:19","slug":"angelina-mango-nuovo-look-su-tiktok-e-tour-estate-2026","status":"publish","type":"post","link":"https:\/\/www.europesays.com\/it\/511094\/","title":{"rendered":"Angelina Mango, nuovo look su TikTok e tour estate 2026"},"content":{"rendered":"<p>                                Il video del nuovo look vola sui social e macina in poche ore oltre due milioni e mezzo di visualizzazioni<\/p>\n<p>                    27 maggio &#8211; 16:04  &#8211; MILANO<\/p>\n<p class=\"paragraph\" spellcheck=\"true\"><b>Angelina Mango<\/b> si prepara all\u2019estate con un cambio d\u2019immagine che non \u00e8 passato inosservato. Dopo la <a href=\"https:\/\/www.gazzetta.it\/gossip\/storie\/16-10-2025\/angelina-mango-la-nuova-vita-a-bologna-da-studentessa-e-l-album-rilasciato-a-sorpresa\/\" title=\"Angelina Mango \u00e8 tornata: la vita a Bologna e l&#039;album pubblicato a sorpresa\" target=\"_blank\" rel=\"nofollow noopener\">parentesi primaverile<\/a> nei teatri italiani e in vista dei concerti dei prossimi mesi, l&#8217;<a href=\"https:\/\/www.gazzetta.it\/active\/storie\/10-04-2026\/angelina-mango-salute-e-vita-privata-cosi-e-tornata-in-forma\/\" title=\"Angelina Mango dai problemi di salute al ritorno sul palco: come \u00e8 tornata al top\" target=\"_blank\" rel=\"nofollow noopener\">artista di Maratea<\/a> ha scelto di riapparire sui social con un <b>look decisamente personale e autentico<\/b>. Una trasformazione che\u00a0ha messo a tacere gli hater e lasciato a bocca aperta l&#8217;intera community, che la segue fin dai tempi del trionfo ad Amici.<\/p>\n<p class=\"paragraph\" spellcheck=\"true\"><b>Leggi anche:\u00a0<a href=\"https:\/\/www.gazzetta.it\/gossip\/31-03-2026\/angelina-mango-e-antonio-agostinelli-esplode-il-gossip-cosa-sappiamo.shtml\" rel=\"nofollow noopener\" target=\"_blank\">Angelina Mango non \u00e8 pi\u00f9 single, chi \u00e8 la presunta fiamma Antonio Agostinelli<\/a><\/b><\/p>\n<p>        Angelina Mango, il nuovo look\u2014 \u00a0<\/p>\n<p class=\"paragraph\" spellcheck=\"true\">Nelle immagini condivise su Instagram e TikTok, Angelina Mango appare con un\u2019estetica istintiva e meno costruita. Impossibile non notare il <b>taglio di capelli rosso scuro<\/b>, dalle lunghezze mosse e irregolari, la frangia piena e l&#8217;effetto volutamente spettinato che le conferisce un\u2019<b>aria rocker un po\u2019 anni Novanta<\/b>. Il look non \u00e8 da meno, con capi ampi, giochi di sovrapposizioni, occhiali scuri e accessori dal gusto urban. Il risultato \u00e8 un\u2019immagine <b>pi\u00f9 ruvida e grunge, ma piena di carattere.<\/b><\/p>\n<p>        L&#8217;affetto della community online\u2014 \u00a0<\/p>\n<p class=\"paragraph\" spellcheck=\"true\">Solo nell\u2019ultima settimana, l\u2019artista ha pubblicato tre video su TikTok che hanno totalizzato complessivamente oltre <b>2,5 milioni di visualizzazioni<\/b>. Un successo tale da convincere Angelina Mango a pubblicare un nuovo contenuto dedicato esclusivamente ai suoi look. Un altro breve video, sulle note di\u00a0Felicit\u00e0, t\u00e0 t\u00e0\u00a0di Raffaella Carr\u00e0, che in poche ore ha gi\u00e0 ricevuto\u00a0<b>centinaia di commenti e migliaia di cuori.<\/b><\/p>\n<p>        le critiche degli hater di Angelina Mango\u2014 \u00a0<\/p>\n<p class=\"paragraph\" spellcheck=\"true\">Dopo un periodo di assenza, la vincitrice di Sanremo si \u00e8 ripresentata al pubblico con l&#8217;album Caram\u00e9, un progetto intimo e quasi artigianale, impreziosito da firme come Madame, Calcutta e Dardust. Il look rivoluzionato e i jeans oversize, tuttavia, hanno immediatamente innescato i <a href=\"https:\/\/www.gazzetta.it\/gossip\/storie\/30-03-2026\/angelina-mango-le-critiche-degli-hater-per-il-nuovo-look\/\" title=\"Angelina Mango, pioggia di critiche per il nuovo look. Gli hater: \" irriconoscibile=\"\" target=\"_blank\" rel=\"nofollow noopener\">commenti degli hater<\/a>, che l&#8217;hanno definita &#8220;irriconoscibile&#8221;. Una reazione che \u00e8 finita sommersa da una <b>pioggia di cuori e messaggi di sostegno dai fan<\/b>.<\/p>\n<p><a class=\"is-partner-link\" href=\"https:\/\/abbonamenti.gazzetta.it\/doblete-inter-gplus-de-promo\/?pwcmp=cta&amp;forceBrowser=true\" rel=\"nofollow noopener\" target=\"_blank\">Inter Campione d\u2019Italia: abbonati alla Digital Edition + Poster Prima Pagina a 4,99\u20ac\/mese<\/a><\/p>\n<p>        il tour estivo di Angelina Mango\u2014 \u00a0<\/p>\n<p class=\"paragraph\" spellcheck=\"true\">L\u2019estate, per Angelina Mango, sar\u00e0 impegnativa. Il calendario della tourn\u00e9e conta <b>nove date tra luglio e agosto 2026.<\/b>\u00a0Si parte il 17 luglio dal Teatro Romano di <b>Verona<\/b>, poi <b>Caserta, Palermo e Taormina<\/b>, prima delle tappe a <b>Porto Recanati e Roma<\/b>. Ad agosto <a href=\"https:\/\/www.gazzetta.it\/gossip\/25-06-2025\/angelina-mango-torna-sui-social-non-so-molto-bene-chi-sono.shtml\" target=\"_blank\" rel=\"nofollow noopener\">la 25enne<\/a> sar\u00e0 invece a <b>Castiglioncello<\/b>, <b>Assisi<\/b> e infine <b>Matera<\/b>, dove l\u20198 agosto chiuder\u00e0 il giro alla Cava del Sole.<\/p>\n<p class=\"is-above-copyright is-mr-r-10\" spellcheck=\"true\">La Gazzetta dello Sport<\/p>\n<p class=\"is-copyright\">\u00a9 RIPRODUZIONE RISERVATA<\/p>\n","protected":false},"excerpt":{"rendered":"Il video del nuovo look vola sui social e macina in poche ore oltre due milioni e mezzo&hellip;\n","protected":false},"author":3,"featured_media":511095,"comment_status":"","ping_status":"","sticky":false,"template":"","format":"standard","meta":{"footnotes":"","_share_on_mastodon":"0"},"categories":[174],"tags":[21733,282929,282930,2699,15248,9047,2852,3055,2715,38612,19737,203,1533,5700,38381,6852,204,1537,90,89,467,426,97595,26124,14492,1686,241492,9880,90030,3161,2392,91762],"class_list":["post-511094","post","type-post","status-publish","format-standard","has-post-thumbnail","category-intrattenimento","tag-accessori","tag-accessori-gusto","tag-accessori-gusto-urban","tag-agosto","tag-angelina","tag-angelina-mango","tag-artista","tag-capelli","tag-commenti","tag-community","tag-cuori","tag-entertainment","tag-estate","tag-fan","tag-hater","tag-immagine","tag-intrattenimento","tag-it","tag-italia","tag-italy","tag-look","tag-luglio","tag-mango","tag-piena","tag-poche","tag-social","tag-ta","tag-taglio","tag-taglio-capelli","tag-tiktok","tag-video","tag-visualizzazioni"],"share_on_mastodon":{"url":"https:\/\/pubeurope.com\/@it\/116647845569938695","error":""},"_links":{"self":[{"href":"https:\/\/www.europesays.com\/it\/wp-json\/wp\/v2\/posts\/511094","targetHints":{"allow":["GET"]}}],"collection":[{"href":"https:\/\/www.europesays.com\/it\/wp-json\/wp\/v2\/posts"}],"about":[{"href":"https:\/\/www.europesays.com\/it\/wp-json\/wp\/v2\/types\/post"}],"author":[{"embeddable":true,"href":"https:\/\/www.europesays.com\/it\/wp-json\/wp\/v2\/users\/3"}],"replies":[{"embeddable":true,"href":"https:\/\/www.europesays.com\/it\/wp-json\/wp\/v2\/comments?post=511094"}],"version-history":[{"count":0,"href":"https:\/\/www.europesays.com\/it\/wp-json\/wp\/v2\/posts\/511094\/revisions"}],"wp:featuredmedia":[{"embeddable":true,"href":"https:\/\/www.europesays.com\/it\/wp-json\/wp\/v2\/media\/511095"}],"wp:attachment":[{"href":"https:\/\/www.europesays.com\/it\/wp-json\/wp\/v2\/media?parent=511094"}],"wp:term":[{"taxonomy":"category","embeddable":true,"href":"https:\/\/www.europesays.com\/it\/wp-json\/wp\/v2\/categories?post=511094"},{"taxonomy":"post_tag","embeddable":true,"href":"https:\/\/www.europesays.com\/it\/wp-json\/wp\/v2\/tags?post=511094"}],"curies":[{"name":"wp","href":"https:\/\/api.w.org\/{rel}","templated":true}]}}