{"id":511180,"date":"2026-05-27T19:15:47","date_gmt":"2026-05-27T19:15:47","guid":{"rendered":"https:\/\/www.europesays.com\/it\/511180\/"},"modified":"2026-05-27T19:15:47","modified_gmt":"2026-05-27T19:15:47","slug":"ritratto-di-maffeo-barberini-di-caravaggio-in-senato","status":"publish","type":"post","link":"https:\/\/www.europesays.com\/it\/511180\/","title":{"rendered":"Ritratto di Maffeo Barberini di Caravaggio in Senato"},"content":{"rendered":"<p>        di Redazione , pubblicato il 26\/05\/2026        <br \/>Categorie:<\/p>\n<p>        <a href=\"https:\/\/www.finestresullarte.info\/flash-news\/3c-eventi.php\" rel=\"nofollow noopener\" target=\"_blank\"><br \/>\n            Eventi        <\/a><\/p>\n<p>         \/ Argomenti: <a href=\"https:\/\/www.finestresullarte.info\/tag\/roma.php\" rel=\"nofollow noopener\" target=\"_blank\">Roma<\/a> &#8211; <a href=\"https:\/\/www.finestresullarte.info\/tag\/caravaggio.php\" rel=\"nofollow noopener\" target=\"_blank\">Caravaggio<\/a> &#8211; <a href=\"https:\/\/www.finestresullarte.info\/tag\/senato.php\" rel=\"nofollow noopener\" target=\"_blank\">Senato<\/a> <\/p>\n<p>Dal 28 maggio al 21 giugno 2026 la Sala Capitolare della Biblioteca del Senato ospiter\u00e0 temporaneamente il Ritratto di Monsignor Maffeo Barberini, dipinto di Caravaggio acquisito dallo Stato nel marzo scorso.\u00a0<\/p>\n<p>Dal 28 maggio al 21 giugno 2026 la <strong>Sala Capitolare della Bibliotec<\/strong>a del <strong>Senato<\/strong>, all\u2019interno di Palazzo della Minerva a Roma, ospiter\u00e0 temporaneamente il Ritratto di Monsignor Maffeo Barberini, dipinto di <strong>Caravaggio<\/strong> <a href=\"https:\/\/www.finestresullarte.info\/arte-antica\/stato-acquista-ritratto-maffeo-barberini-caravaggio-30-milioni\" target=\"_blank\" rel=\"nofollow noopener\">acquisito dallo Stato italiano nel marzo scorso<\/a>.<\/p>\n<p>L\u2019opera sar\u00e0 visibile con accesso libero dal luned\u00ec al venerd\u00ec dalle 10 alle 20, mentre il sabato, la domenica e nella giornata festiva del 2 giugno l\u2019apertura sar\u00e0 prevista dalle 10 alle 18. Si tratta della prima occasione in cui il pubblico potr\u00e0 ammirare il dipinto dopo l\u2019acquisizione dello Stato, prima del suo trasferimento definitivo alle Gallerie Nazionali di Arte Antica di Roma, presso <strong>Palazzo Barberini<\/strong>.<\/p>\n<p>Per l\u2019occasione verr\u00e0 inoltre presentata nrlla Sala Capitolare, per la prima volta, una preziosa selezione di<strong> documenti provenienti dall\u2019Archivio di Stato di Roma<\/strong>: tre registri giudiziari legati alla vicenda personale di Caravaggio. Tra questi spicca il verbale dell\u2019interrogatorio del 4 maggio 1598, redatto nel carcere di Tor di Nona, dove il pittore era detenuto dopo essere stato arrestato la notte precedente tra piazza Madama e piazza Navona. Nel documento Caravaggio dichiara di essere stato fermato perch\u00e9 portava con s\u00e9 una spada, precisando per\u00f2 di possedere regolare licenza in quanto pittore al servizio del cardinale Del Monte, presso il quale viveva e dal quale riceveva uno stipendio.<\/p>\n<p>L\u2019inaugurazione ufficiale \u00e8 in programma mercoled\u00ec 27 maggio alle ore 17.30 alla presenza del ministro della Cultura, <strong>Alessandro Giuli<\/strong> e del Presidente del Senato, <strong>Ignazio La Russa<\/strong>.<\/p>\n<p><img loading=\"lazy\" decoding=\"async\" alt=\"Caravaggio, Ritratto di Maffeo Barberini (1599 circa; olio su tela, 124 x 90 cm; Collezione privata). Foto: Alessandro Panunzi Studio\" src=\"https:\/\/www.europesays.com\/it\/wp-content\/uploads\/2026\/05\/caravaggio-ritratto-di-maffeo-barberini.jpg\" width=\"750\" height=\"935\" class=\"lazy\"\/>&#13;<br \/>\nCaravaggio, Ritratto di Maffeo Barberini (1599 circa; olio su tela, 124 x 90 cm; Collezione privata). Foto: Alessandro Panunzi Studio&#13;<\/p>\n<p><img loading=\"lazy\" decoding=\"async\" alt=\"Il ritratto di Maffeo Barberini di Caravaggio esposto a Palazzo Barberini. Foto: Alessandro Panunzi Studio\" src=\"https:\/\/www.europesays.com\/it\/wp-content\/uploads\/2026\/05\/caravaggio-maffeo-barberini-palazzo-barberini-2.jpg\" width=\"750\" height=\"500\" class=\"lazy\"\/>&#13;<br \/>\nIl Ritratto di Maffeo Barberini di Caravaggio esposto a Palazzo Barberini. Foto: Alessandro Panunzi Studio&#13;<\/p>\n<p>\u201cQuesta acquisizione si inserisce in una strategia precisa: intercettare opere di eccezionale importanza prima che vengano assorbite dai circuiti del collezionismo privato internazionale e restituirle alla piena disponibilit\u00e0 pubblica\u201d, ha dichiarato il ministro <strong>Alessandro Giuli<\/strong>. \u201c\u00c8 accaduto anche con l\u2019Ecce Homo: due operazioni diverse, ma accomunate dalla medesima visione. Quella di uno Stato che investe nella cultura come bene comune, a vantaggio dei cittadini e delle generazioni future, e che considera la nostra ricchezza artistica non soltanto un\u2019eredit\u00e0 del passato, ma uno strumento vivo di identit\u00e0, conoscenza e coesione\u201d.<\/p>\n<p>\u201cMichelangelo Merisi da Caravaggio\u201d, afferma il <strong>Presidente La Russa<\/strong>, \u201cfu a palazzo Madama e a palazzo Giustiniani molto prima che queste antiche dimore divenissero sede del Senato. La scelta di esporre presso la Camera alta una sua importante opera \u00e8 perci\u00f2 un seppur temporaneo ritorno a casa. Il giovane pittore visse presso il cardinale Francesco Maria del Monte, che aveva preso in affitto palazzo Madama dal granduca Ferdinando de\u2019 Medici, suo protettore, e vi abit\u00f2 per un quarantennio, dal 1589 fino alla morte nel 1626\u201d. \u201c\u00c8 un fatto denso di significati\u201d, ha concluso il Presidente La Russa, \u201cche l\u2019esposizione di un\u2019opera cos\u00ec importante, appena acquisita al patrimonio dello Stato, abbia luogo negli spazi del Senato della Repubblica. Offriamo agli italiani e a tutti gli appassionati di bellezza un\u2019occasione unica di incontro con un capolavoro che testimonia la grandezza della nostra storia artistica e il valore della sua tutela\u201d.<\/p>\n<p><a href=\"https:\/\/www.castellogamba.vda.it\/it\/sole-caduto-aosta-gio-pomodoro\" target=\"_blank\" data-etichetta=\"Banner 3 - Castello Gamba, Pomodoro\" onclick=\"ga(&#039;send&#039;, &#039;event&#039;, &#039;Click&#039;, &#039;Banner 3 - Castello Gamba, Pomodoro&#039;, 1);\" rel=\"nofollow noopener\"><br \/>\n\t\t\t<img decoding=\"async\" src=\"https:\/\/www.europesays.com\/it\/wp-content\/uploads\/2026\/05\/castellogamba_2026_pomodoro_adv_728x90pxl.jpg\" alt=\"Sole caduto Aosta. Gio' Pomodoro - Castello Gamba, fino al 21 giugno\" onmouseover=\"ga('send', 'event', 'Dwell', 'Banner 3 - Castello Gamba, Pomodoro', 1);\" title=\"Sole caduto Aosta. Gio' Pomodoro - Castello Gamba, fino al 21 giugno\" class=\"banner_fsa\" fetchpriority=\"high\" id=\"banner_3\" width=\"728\" height=\"90\" style=\"width:728px\"\/><br \/>\n\t\t\t<\/a><br \/>\n            <br \/>Se ti \u00e8 piaciuto questo articolo abbonati a Finestre sull&#8217;Arte.<br \/>\n\t\t\t\t\t\tal prezzo di 12,00 euro all&#8217;anno avrai accesso illimitato agli articoli pubblicati sul sito di Finestre sull&#8217;Arte e ci aiuterai a crescere e<br \/>\n\t\t\t\t\t\ta<br \/>\n\t\t\t\t\t\tmantenere la nostra informazione libera e indipendente.<br \/>\n\t\t\t\t\t\t<a href=\"https:\/\/shop.finestresullarte.info\/carrello\/?add-to-cart=8971\" rel=\"nofollow noopener\" target=\"_blank\">ABBONATI&#13;<br \/>\n\t\t\t\t\t\tA <br \/>FINESTRE SULL&#8217;ARTE<\/a><br \/>\n    <\/p>\n","protected":false},"excerpt":{"rendered":"di Redazione , pubblicato il 26\/05\/2026 Categorie: Eventi \/ Argomenti: Roma &#8211; Caravaggio &#8211; Senato Dal 28 maggio&hellip;\n","protected":false},"author":3,"featured_media":511181,"comment_status":"","ping_status":"","sticky":false,"template":"","format":"standard","meta":{"footnotes":"","_share_on_mastodon":"0"},"categories":[1446],"tags":[1615,1613,1614,1611,1610,1659,1612,203,204,1537,90,89,987,2419],"class_list":["post-511180","post","type-post","status-publish","format-standard","has-post-thumbnail","category-arte-e-design","tag-arte","tag-arte-e-design","tag-arteedesign","tag-arts","tag-arts-and-design","tag-caravaggio","tag-design","tag-entertainment","tag-intrattenimento","tag-it","tag-italia","tag-italy","tag-roma","tag-senato"],"share_on_mastodon":{"url":"https:\/\/pubeurope.com\/@it\/116648144776280248","error":""},"_links":{"self":[{"href":"https:\/\/www.europesays.com\/it\/wp-json\/wp\/v2\/posts\/511180","targetHints":{"allow":["GET"]}}],"collection":[{"href":"https:\/\/www.europesays.com\/it\/wp-json\/wp\/v2\/posts"}],"about":[{"href":"https:\/\/www.europesays.com\/it\/wp-json\/wp\/v2\/types\/post"}],"author":[{"embeddable":true,"href":"https:\/\/www.europesays.com\/it\/wp-json\/wp\/v2\/users\/3"}],"replies":[{"embeddable":true,"href":"https:\/\/www.europesays.com\/it\/wp-json\/wp\/v2\/comments?post=511180"}],"version-history":[{"count":0,"href":"https:\/\/www.europesays.com\/it\/wp-json\/wp\/v2\/posts\/511180\/revisions"}],"wp:featuredmedia":[{"embeddable":true,"href":"https:\/\/www.europesays.com\/it\/wp-json\/wp\/v2\/media\/511181"}],"wp:attachment":[{"href":"https:\/\/www.europesays.com\/it\/wp-json\/wp\/v2\/media?parent=511180"}],"wp:term":[{"taxonomy":"category","embeddable":true,"href":"https:\/\/www.europesays.com\/it\/wp-json\/wp\/v2\/categories?post=511180"},{"taxonomy":"post_tag","embeddable":true,"href":"https:\/\/www.europesays.com\/it\/wp-json\/wp\/v2\/tags?post=511180"}],"curies":[{"name":"wp","href":"https:\/\/api.w.org\/{rel}","templated":true}]}}