{"id":511230,"date":"2026-05-27T20:07:15","date_gmt":"2026-05-27T20:07:15","guid":{"rendered":"https:\/\/www.europesays.com\/it\/511230\/"},"modified":"2026-05-27T20:07:15","modified_gmt":"2026-05-27T20:07:15","slug":"altra-crisi-il-giro-di-pellizzari-e-un-calvario-ora-gestisco-le-forze","status":"publish","type":"post","link":"https:\/\/www.europesays.com\/it\/511230\/","title":{"rendered":"Altra crisi, il Giro di Pellizzari \u00e8 un calvario: &#8220;Ora gestisco le forze&#8221;"},"content":{"rendered":"<p>                                Dopo il crollo a Car\u00ec il talento marchigiano finisce a oltre 13 minuti da Valgren: &#8220;Volevo ritirarmi, mi scoccia tanto, ma migliorer\u00e0. Venerd\u00ec e sabato conto di aver recuperato e riscattarmi&#8221;. A fine tappa la ricerca della fidanzata per trovare conforto<\/p>\n<p class=\"paragraph\" spellcheck=\"true\">Un altro giorno difficile per Giulio Pellizzari al Giro. Il giovane marchigiano ha vissuto una nuova crisi, stavolta quasi annunciata e gestita con l\u2019obiettivo di preservare le energie in vista delle decisive tappe alpine del weekend. Pellizzari si \u00e8 staccato quando mancavano ancora 140 chilometri al traguardo, chiudendo la frazione con un ritardo pesante: 13\u201929\u201d dal vincitore Michael Valgren e oltre otto minuti dal gruppo della maglia rosa.  Al termine della tappa, il volto del corridore della Red Bull-Bora Hansgrohe raccontava tutta la fatica accumulata negli ultimi giorni. Il primo pensiero, appena sceso dalla bici, \u00e8 stato per la fidanzata: \u201cDov\u2019\u00e8 Andrea?\u201d, ha chiesto al suo entourage, cercando conforto in uno dei momenti pi\u00f9 complicati della sua giovane carriera. Poi, ai microfoni della Gazzetta, Pellizzari ha spiegato la strategia adottata in corsa: \u201cDevo recuperare le forze, quindi quando posso staccarmi ne approfitto. Anche domani sar\u00e0 una giornata di recupero, in vista delle due tappe di montagna di venerd\u00ec e sabato\u201d.\u00a0<\/p>\n<p>        momento negativo\u2014 \u00a0<\/p>\n<p class=\"paragraph\" spellcheck=\"true\">Dietro le parole, per\u00f2, emerge tutta la fragilit\u00e0 del momento. Il corridore ha ammesso di aver pensato seriamente al ritiro: \u201cS\u00ec, ho pensato a fermarmi e ritirarmi, pi\u00f9 oggi che ieri a Car\u00ec. Volevo farlo subito. Mi scoccia tanto questa situazione. Per\u00f2 andiamo piano, andr\u00e0 meglio\u201d. In mattinata era intervenuto anche Zak Dempster, Chief of Sports della squadra tedesca, che aveva cercato di proteggere il proprio talento, ridimensionando il peso della crisi. \u201cGiulio \u00e8 deluso, ovviamente, ma ha lottato tantissimo. Fa parte del percorso di crescita di un corridore da Grandi Giri e noi lo sosteniamo pienamente\u201d, ha spiegato Dempster, sottolineando come il problema sia principalmente fisico e non mentale. Secondo il dirigente australiano, Pellizzari starebbe pagando soprattutto un problema di condizione: \u201cNon credo sia una questione di pressione psicologica. \u00c8 pi\u00f9 un problema di salute e, alla fine, \u00e8 questo che pesa maggiormente\u201d. Dempster ha poi ricordato come la crescita del giovane italiano sia stata rapidissima e quasi inattesa: al Giro dello scorso anno e alla Vuelta, infatti, Pellizzari si era ritrovato a lottare per la classifica quasi senza programmazione iniziale. Quest\u2019anno, invece, era partito con l\u2019obiettivo dichiarato di puntare alla generale, caricandosi inevitabilmente di aspettative. Nonostante tutto, la squadra continua a credere nel suo potenziale. E guarda gi\u00e0 alle ultime montagne, dove Pellizzari potrebbe ancora ritagliarsi un ruolo importante, anche al servizio di Jai Hindley nella corsa al podio. \u201cVogliamo aiutare Jai a salire sul podio. Giulio dar\u00e0 tutto quello che ha\u201d.<\/p>\n","protected":false},"excerpt":{"rendered":"Dopo il crollo a Car\u00ec il talento marchigiano finisce a oltre 13 minuti da Valgren: &#8220;Volevo ritirarmi, mi&hellip;\n","protected":false},"author":3,"featured_media":511231,"comment_status":"","ping_status":"","sticky":false,"template":"","format":"standard","meta":{"footnotes":"","_share_on_mastodon":"0"},"categories":[1456],"tags":[30359,1824,34602,2804,1276,1307,7714,1825,283000,10453,769,229,3369,15258,1537,90,89,270620,32339,3479,34594,809,22887,23,3351,1885,283001,2841,283002,11268,245,244,1857,3445,2218,14390,283003,8434],"class_list":["post-511230","post","type-post","status-publish","format-standard","has-post-thumbnail","category-ciclismo","tag-cari","tag-ciclismo","tag-conforto","tag-corridore","tag-corsa","tag-crescita","tag-crisi","tag-cycling","tag-dempster","tag-fidanzata","tag-forze","tag-giovane","tag-giro","tag-giulio","tag-it","tag-italia","tag-italy","tag-jai","tag-marchigiano","tag-minuti","tag-montagne","tag-obiettivo","tag-pellizzari","tag-pensato","tag-podio","tag-problema","tag-ritirarmi","tag-sabato","tag-scoccia","tag-spiegato","tag-sport","tag-sports","tag-squadra","tag-talento","tag-tappa","tag-tappe","tag-valgren","tag-venerdi"],"share_on_mastodon":{"url":"https:\/\/pubeurope.com\/@it\/116648348676299408","error":""},"_links":{"self":[{"href":"https:\/\/www.europesays.com\/it\/wp-json\/wp\/v2\/posts\/511230","targetHints":{"allow":["GET"]}}],"collection":[{"href":"https:\/\/www.europesays.com\/it\/wp-json\/wp\/v2\/posts"}],"about":[{"href":"https:\/\/www.europesays.com\/it\/wp-json\/wp\/v2\/types\/post"}],"author":[{"embeddable":true,"href":"https:\/\/www.europesays.com\/it\/wp-json\/wp\/v2\/users\/3"}],"replies":[{"embeddable":true,"href":"https:\/\/www.europesays.com\/it\/wp-json\/wp\/v2\/comments?post=511230"}],"version-history":[{"count":0,"href":"https:\/\/www.europesays.com\/it\/wp-json\/wp\/v2\/posts\/511230\/revisions"}],"wp:featuredmedia":[{"embeddable":true,"href":"https:\/\/www.europesays.com\/it\/wp-json\/wp\/v2\/media\/511231"}],"wp:attachment":[{"href":"https:\/\/www.europesays.com\/it\/wp-json\/wp\/v2\/media?parent=511230"}],"wp:term":[{"taxonomy":"category","embeddable":true,"href":"https:\/\/www.europesays.com\/it\/wp-json\/wp\/v2\/categories?post=511230"},{"taxonomy":"post_tag","embeddable":true,"href":"https:\/\/www.europesays.com\/it\/wp-json\/wp\/v2\/tags?post=511230"}],"curies":[{"name":"wp","href":"https:\/\/api.w.org\/{rel}","templated":true}]}}