{"id":511269,"date":"2026-05-27T20:42:27","date_gmt":"2026-05-27T20:42:27","guid":{"rendered":"https:\/\/www.europesays.com\/it\/511269\/"},"modified":"2026-05-27T20:42:27","modified_gmt":"2026-05-27T20:42:27","slug":"todaro-ad-amici-tornerei-solo-a-una-condizione-poi-lapidario-sulla-ex-tocca-alleurovision-non-lho-vista","status":"publish","type":"post","link":"https:\/\/www.europesays.com\/it\/511269\/","title":{"rendered":"Todaro: &#8220;Ad Amici tornerei solo a una condizione&#8221;. Poi lapidario sulla ex Tocca all&#8217;Eurovision: &#8220;Non l&#8217;ho vista&#8221;"},"content":{"rendered":"<p>Reduce dal successo dal Grande Fratello Vip 8 (\u00e8 arrivato in finale), Raimondo Todaro spiega a Libero Magazine se gli piacerebbe tornare ad Amici e poi si lascia andare a una dichiarazione sulla ex moglie Francesca Tocca.<\/p>\n<p>Le parole su Amici<\/p>\n<p>Quest&#8217;anno il GFVip, certo, ma la tv per Todaro non \u00e8 una novit\u00e0. Dal 2021 al 2024 \u00e8 stato insegnante di ballo ad Amici, prima ancora maestro e ballerino professionista a Ballando con le Stelle. \u201cSono due programmi che trattano il tema della danza ma sono completamente diversi. Ad Amici avevo la possibilit\u00e0 di fare quello che faccio tutti i giorni, cio\u00e8 di lavorare con i ragazzi che vogliono fare questo nella vita, talenti selezionati tra migliaia\u201d, ha detto.<\/p>\n<p>Poi ha aggiunto: \u201cA Ballando era diverso, perch\u00e9 si ha a che fare con persone con una carriera alle spalle e che nella vita fanno tutt\u2019altro. Il lavoro da fare \u00e8 quindi completamente diverso, ma sono stati entrambi formativi\u201d.\u00a0<\/p>\n<p>Quindi si sofferma sul programma condotto da Maria De Filippi. Ci tornerebbe, s\u00ec, ma auna condizione: \u201cIo sono stato benissimo l\u00ec, ho fatto tre anni meravigliosi, accetterei assolutamente. Quello \u00e8 il mio lavoro. Accetterei con la condizione di riuscire a seguire anche i miei ragazzi fuori\u201d.<\/p>\n<p><a href=\"https:\/\/www.today.it\/tv\/news\/amici\/pagelle-finali-edizione-25.html\" target=\"_blank\" rel=\"nofollow noopener\">Le pagelle di Amici 25, cosa rester\u00e0 di questa edizione<\/a>\u00a0<a href=\"https:\/\/www.today.it\/gossip\/vip\/francesca-tocca-marcello-sacchetta-foto.html\" target=\"_blank\" rel=\"nofollow noopener\">Francesca Tocca, foto e video inediti sull&#8217;Eurovision: Marcello Sacchetta commenta, lei gli risponde<\/a>\u00a0L&#8217;ex Francesca Tocca all&#8217;Eurovision<\/p>\n<p>Quando gli \u00e8 stato chiesto se abbia visto l&#8217;ex moglie Francesca Tocca all&#8217;Eurovision (insieme a Marcello Sacchetta per<a href=\"https:\/\/www.today.it\/vision\/musica\/mara-maionchi-sal-da-vinci-per-sempre-si-opinione.html\" target=\"_blank\" rel=\"nofollow noopener\"> la coreografia di Per Sempre S\u00ec<\/a>), Todaro ha replicato cos\u00ec: \u201cNon ho visto la performance; quando sono entrato nella Casa, Francesca mi aveva detto che era appena stata contattata da Sal Da Vinci per andare in Austria\u201d.<\/p>\n<p>Infine ha concluso: \u201cMi aveva detto il mese di maggio, e io ero abbastanza tranquillo perch\u00e9 sapevo di finire il 28 aprile, qualora fossi arrivato in fondo. Quando ci hanno detto del prolungamento, \u00e8 stato uno dei miei primi pensieri, perch\u00e9 sapevo che lei non ci sarebbe stata per quasi tutto il mese di maggio. Ho poi avuto rassicurazioni dalla produzione del Grande Fratello sul fatto che la situazione di mia figlia era sotto controllo. Non ho per\u00f2 seguito niente\u201d.<\/p>\n<p><a href=\"https:\/\/www.today.it\/vision\/musica\/mara-maionchi-sal-da-vinci-per-sempre-si-opinione.html\" target=\"_blank\" rel=\"nofollow noopener\">Mara Maionchi, Sal Da Vinci e il &#8220;vizio&#8221; di considerare la tradizione una colpa<\/a> <\/p>\n<p>  &#13;<br \/>\n&#13;<br \/>\n  &lt;!?php if ( SF_DOMAIN == &#8216;citynews-bruxellestoday&#8217; || SF_DOMAIN == &#8216;citynews-cagliaritoday&#8217; || SF_DOMAIN == &#8216;citynews-sassaritoday&#8217; || SF_DOMAIN == &#8216;citynews-tarantotoday&#8217; || SF_DOMAIN == &#8216;citynews-viterbotoday&#8217; || SF_DOMAIN == &#8216;citynews-ferraratoday&#8217; ): ?&gt;&#13;<br \/>\n    &#13;<br \/>\n  &lt;!?php endif; ?&gt;&#13;<br \/>\n  &#13;<br \/>\n&#13;<br \/>\n        &#13;<br \/>\n        &#13;<\/p>\n","protected":false},"excerpt":{"rendered":"Reduce dal successo dal Grande Fratello Vip 8 (\u00e8 arrivato in finale), Raimondo Todaro spiega a Libero Magazine&hellip;\n","protected":false},"author":3,"featured_media":511270,"comment_status":"","ping_status":"","sticky":false,"template":"","format":"standard","meta":{"footnotes":"","_share_on_mastodon":"0"},"categories":[1444],"tags":[203,70110,6061,204,1537,90,89,51495,253],"class_list":["post-511269","post","type-post","status-publish","format-standard","has-post-thumbnail","category-tv","tag-entertainment","tag-gf","tag-grande-fratello","tag-intrattenimento","tag-it","tag-italia","tag-italy","tag-raimondo-todaro","tag-tv"],"share_on_mastodon":{"url":"https:\/\/pubeurope.com\/@it\/116648486365029821","error":""},"_links":{"self":[{"href":"https:\/\/www.europesays.com\/it\/wp-json\/wp\/v2\/posts\/511269","targetHints":{"allow":["GET"]}}],"collection":[{"href":"https:\/\/www.europesays.com\/it\/wp-json\/wp\/v2\/posts"}],"about":[{"href":"https:\/\/www.europesays.com\/it\/wp-json\/wp\/v2\/types\/post"}],"author":[{"embeddable":true,"href":"https:\/\/www.europesays.com\/it\/wp-json\/wp\/v2\/users\/3"}],"replies":[{"embeddable":true,"href":"https:\/\/www.europesays.com\/it\/wp-json\/wp\/v2\/comments?post=511269"}],"version-history":[{"count":0,"href":"https:\/\/www.europesays.com\/it\/wp-json\/wp\/v2\/posts\/511269\/revisions"}],"wp:featuredmedia":[{"embeddable":true,"href":"https:\/\/www.europesays.com\/it\/wp-json\/wp\/v2\/media\/511270"}],"wp:attachment":[{"href":"https:\/\/www.europesays.com\/it\/wp-json\/wp\/v2\/media?parent=511269"}],"wp:term":[{"taxonomy":"category","embeddable":true,"href":"https:\/\/www.europesays.com\/it\/wp-json\/wp\/v2\/categories?post=511269"},{"taxonomy":"post_tag","embeddable":true,"href":"https:\/\/www.europesays.com\/it\/wp-json\/wp\/v2\/tags?post=511269"}],"curies":[{"name":"wp","href":"https:\/\/api.w.org\/{rel}","templated":true}]}}