{"id":511483,"date":"2026-05-27T23:52:19","date_gmt":"2026-05-27T23:52:19","guid":{"rendered":"https:\/\/www.europesays.com\/it\/511483\/"},"modified":"2026-05-27T23:52:19","modified_gmt":"2026-05-27T23:52:19","slug":"superman-compare-in-euphoria-james-gunn-chiarisce-il-cameo-nascosto-che-i-fan-avevano-notato-i-sky-tg24","status":"publish","type":"post","link":"https:\/\/www.europesays.com\/it\/511483\/","title":{"rendered":"Superman compare in Euphoria, James Gunn chiarisce il cameo nascosto che i fan avevano notato I Sky TG24"},"content":{"rendered":"<p>Il supereroe di DC Comics \u00e8 stato inserito quasi impercettibilmente all\u2019interno di una scena dell\u2019ultimo episodio della terza stagione. Una statua raffigurante il nuovo Uomo d&#8217;Acciaio interpretato da David Corenswet appare sullo sfondo, senza alcuna enfasi narrativa esplicita. Ma i fan hanno subito gridato al crossover dei due universi narrativi, tanto da spingere il regista del film a intervenire\u00a0<\/p>\n<p>Quando un dettaglio di sfondo diventa un caso online\u00a0si capisce quanto sia elevato il potere e l&#8217;appeal del prodotto culturale che accoglie il tal dettaglio marginale.\u00a0<\/p>\n<p>Nel panorama delle serie tv contemporanee, <a data-intcmp=\"skytg24_foglia articolo_interlink_text\" href=\"https:\/\/tg24.sky.it\/argomenti\/euphoria\" target=\"_self\" rel=\"nofollow noopener\">Euphoria<\/a> si distingue per la capacit\u00e0 di trasformare ogni elemento visivo in un potenziale indizio narrativo. \u00c8 sufficiente una comparsa marginale, un oggetto sullo sfondo o un riferimento appena accennato per attivare immediatamente l\u2019analisi collettiva degli spettatori. \u00c8 quanto accaduto con una presenza inattesa: Superman, inserito quasi impercettibilmente all\u2019interno di una scena dell\u2019ultimo episodio stagionale.<\/p>\n<p>\u00a0<\/p>\n<p>L\u2019attenzione del pubblico si \u00e8 concentrata su un elemento preciso comparso nell\u2019episodio 7 della stagione 3 di <strong><a data-intcmp=\"skytg24_foglia articolo_interlink_text\" href=\"https:\/\/tg24.sky.it\/spettacolo\/serie-tv\/2026\/05\/26\/euphoria-3-recensione-episodio-7?card=1\" rel=\"nofollow noopener\" target=\"_blank\">Euphoria<\/a><\/strong> (disponibile\u00a0su\u00a0<a href=\"https:\/\/programmi.sky.it\/serie-tv\/euphoria\" rel=\"nofollow noopener\" target=\"_blank\">Sky<\/a> e in streaming su <a href=\"https:\/\/www.nowtv.it\/cinema-entertainment\/serie-tv\/euphoria?esl-k=google-ads%7Cnx%7Cc%7Cm%7Ck%7Cp%7Ct%7Cdc%7Ca18954021312%7Cg18954021312&amp;dcmp=ENTS_SEM_PERF_PROS-Euphoria-Google-na_PERF_Google_cpc_Euphoria_PerformanceMax&amp;dya=4b3d5&amp;gclsrc=aw.ds&amp;gad_source=1&amp;gad_campaignid=18961167254&amp;gbraid=0AAAAADohUflRaxxjmGdNb6GyyFqTv6OFj&amp;gclid=Cj0KCQjwkrzPBhCqARIsAJN460ljahDctnI29T3oPHZSwgZDvuFcRJyU_r2kfxh1ICwCjG1o8TlijTQaAmbXEALw_wcB\" rel=\"nofollow noopener\" target=\"_blank\">NOW<\/a>), dove una grande statua raffigurante il nuovo Superman interpretato da David Corenswet appare sullo sfondo, senza alcuna enfasi narrativa esplicita.<\/p>\n<p>\t\t \tLa scena e l\u2019oggetto che ha acceso le discussioni<\/p>\n<p>Il momento &#8220;incriminato&#8221; si sviluppa durante un confronto che coinvolge Patty Lance, interpretata da Sharon Stone, e un dirigente televisivo. L\u2019ambiente, un ufficio, ospita vari elementi scenografici tra cui, quasi con discrezione, il modello del nuovo Uomo d\u2019Acciaio legato ai DC Studios.<\/p>\n<p>\u00a0<\/p>\n<p>Proprio la sua collocazione non enfatizzata ha generato una molteplicit\u00e0 di interpretazioni tra gli spettatori: c\u2019\u00e8 chi ha letto la scelta come una forma di inserimento commerciale, e chi invece ha ipotizzato una possibile connessione strutturale tra la serie HBO e l\u2019universo narrativo DC guidato da James Gunn.<\/p>\n<p>\t\t\t<a class=\"c-inline-card j-inline-card c-inline-card--with-image\" href=\"https:\/\/tg24.sky.it\/spettacolo\/serie-tv\/2026\/05\/26\/euphoria-3-recensione-episodio-7\" rel=\"follow nofollow noopener\" data-intcmp=\"skytg24_articolo_approfondimenti_inline\" target=\"_blank\"><\/p>\n<p>\t\t\t         <img decoding=\"async\" crossorigin=\"anonymous\" alt=\"\" src=\"https:\/\/www.europesays.com\/it\/wp-content\/uploads\/2026\/05\/1779925937_10_euphoria-3-episodio-7.jpg\"  loading=\"lazy\"  bad-src=\"https:\/\/www.europesays.com\/it\/wp-content\/uploads\/2026\/05\/1779925937_10_euphoria-3-episodio-7.jpg\"\/><\/p>\n<p>\n\t\t\t         Approfondimento<br \/>\n\t\t\t         Euphoria 3&#215;07, il caos prima del finale di stagione. La recensione\n\t\t\t      <\/p>\n<p>\t\t\t<\/a><\/p>\n<p>\t\t \tLa spiegazione di James Gunn e il contesto produttivo<\/p>\n<p>A intervenire direttamente sulla questione \u00e8 stato il regista di Superman, James Gunn, il quale ha risposto sui social al podcaster Brandon Davis, offrendo una chiave di lettura molto pi\u00f9 concreta rispetto alle speculazioni circolate online. Il regista ha chiarito che l\u2019ambiente in cui \u00e8 stata girata la scena corrisponde a un ufficio reale dei DC Studios, condiviso tra lui e Peter Safran.<\/p>\n<p>\u00a0<\/p>\n<p>Gunn ha sintetizzato la situazione con una battuta: \u201cTecnicamente \u00e8 di entrambi\u201d. Ha poi aggiunto: \u201cSono io che praticamente non ci sto mai.\u201d Un commento che, oltre a sgonfiare le ipotesi pi\u00f9 elaborate, conferma la natura effettivamente reale dello spazio utilizzato per le riprese.<\/p>\n<p>\t\t\t<a class=\"c-inline-card j-inline-card c-inline-card--with-image\" href=\"https:\/\/tg24.sky.it\/spettacolo\/cinema\/2026\/04\/21\/superman-man-of-tomorrow\" rel=\"follow nofollow noopener\" data-intcmp=\"skytg24_articolo_approfondimenti_inline\" target=\"_blank\"><\/p>\n<p>\t\t\t         <img decoding=\"async\" crossorigin=\"anonymous\" alt=\"\" src=\"https:\/\/www.europesays.com\/it\/wp-content\/uploads\/2026\/05\/Webphoto_Superman_075237_18.jpg\"  loading=\"lazy\"  bad-src=\"https:\/\/www.europesays.com\/it\/wp-content\/uploads\/2026\/05\/Webphoto_Superman_075237_18.jpg\"\/><\/p>\n<p>\n\t\t\t         Approfondimento<br \/>\n\t\t\t         Superman: Man of Tomorrow, James Gunn annuncia il via alle riprese\n\t\t\t      <\/p>\n<p>\t\t\t<\/a><\/p>\n<p>\t\t \tUn universo di riferimenti supereroistici nella stagione<\/p>\n<p>La presenza di Superman non rappresenta un caso isolato all\u2019interno della stagione. Euphoria aveva gi\u00e0 introdotto riferimenti simili nella sua premi\u00e8re, quando Eli Roth appare con una maschera di Batman durante una corsa in Uber insieme a Rue, in una sequenza dal tono volutamente spiazzante.<\/p>\n<p>\u00a0<\/p>\n<p>In seguito, quella stessa scena si espande in un contesto ancora pi\u00f9 surreale, con la comparsa di performer vestiti da Robin e Wonder Woman lungo Hollywood Boulevard, in un intreccio visivo che sovrappone immaginari diversi fino a dissolverne i confini geografici e narrativi.<\/p>\n<p>\t\t\t<a class=\"c-inline-card j-inline-card c-inline-card--with-image\" href=\"https:\/\/tg24.sky.it\/spettacolo\/serie-tv\/2026\/04\/10\/euphoria-colonna-sonora-labrinth\" rel=\"follow nofollow noopener\" data-intcmp=\"skytg24_articolo_approfondimenti_inline\" target=\"_blank\"><\/p>\n<p>\t\t\t         <img decoding=\"async\" crossorigin=\"anonymous\" alt=\"\" src=\"https:\/\/www.europesays.com\/it\/wp-content\/uploads\/2026\/05\/labrinth-getty.jpg\"  loading=\"lazy\"  bad-src=\"https:\/\/www.europesays.com\/it\/wp-content\/uploads\/2026\/05\/labrinth-getty.jpg\"\/><\/p>\n<p>\n\t\t\t         Approfondimento<br \/>\n\t\t\t         Euphoria 3, Labrinth spiega perch\u00e9 non \u00e8 pi\u00f9 autore delle musiche\n\t\t\t      <\/p>\n<p>\t\t\t<\/a><\/p>\n<p>\t\t\tIl significato del contrasto tra mondi lontani<\/p>\n<p>L\u2019inserimento del simbolo di Superman all\u2019interno dell\u2019universo emotivamente instabile e frammentato di Euphoria produce un effetto di forte dissonanza. Da una parte si colloca la figura iconica dell\u2019eroe luminoso, associato a un immaginario di stabilit\u00e0 e idealismo; dall\u2019altra, il racconto della serie costruito su tensioni psicologiche, caos relazionale e derive esistenziali.<\/p>\n<p>\u00a0<\/p>\n<p>Questo incontro indiretto tra due sistemi narrativi cos\u00ec distanti contribuisce a rafforzare la percezione di un mondo audiovisivo sempre pi\u00f9 interconnesso, anche quando non esiste alcuna intenzione esplicita di crossover.<\/p>\n<p>\t            TAG:<\/p>\n","protected":false},"excerpt":{"rendered":"Il supereroe di DC Comics \u00e8 stato inserito quasi impercettibilmente all\u2019interno di una scena dell\u2019ultimo episodio della terza&hellip;\n","protected":false},"author":3,"featured_media":511484,"comment_status":"","ping_status":"","sticky":false,"template":"","format":"standard","meta":{"footnotes":"","_share_on_mastodon":"0"},"categories":[1444],"tags":[203,143798,204,1537,90,89,4666,253],"class_list":["post-511483","post","type-post","status-publish","format-standard","has-post-thumbnail","category-tv","tag-entertainment","tag-euphoria","tag-intrattenimento","tag-it","tag-italia","tag-italy","tag-superman","tag-tv"],"share_on_mastodon":{"url":"https:\/\/pubeurope.com\/@it\/116649234369244059","error":""},"_links":{"self":[{"href":"https:\/\/www.europesays.com\/it\/wp-json\/wp\/v2\/posts\/511483","targetHints":{"allow":["GET"]}}],"collection":[{"href":"https:\/\/www.europesays.com\/it\/wp-json\/wp\/v2\/posts"}],"about":[{"href":"https:\/\/www.europesays.com\/it\/wp-json\/wp\/v2\/types\/post"}],"author":[{"embeddable":true,"href":"https:\/\/www.europesays.com\/it\/wp-json\/wp\/v2\/users\/3"}],"replies":[{"embeddable":true,"href":"https:\/\/www.europesays.com\/it\/wp-json\/wp\/v2\/comments?post=511483"}],"version-history":[{"count":0,"href":"https:\/\/www.europesays.com\/it\/wp-json\/wp\/v2\/posts\/511483\/revisions"}],"wp:featuredmedia":[{"embeddable":true,"href":"https:\/\/www.europesays.com\/it\/wp-json\/wp\/v2\/media\/511484"}],"wp:attachment":[{"href":"https:\/\/www.europesays.com\/it\/wp-json\/wp\/v2\/media?parent=511483"}],"wp:term":[{"taxonomy":"category","embeddable":true,"href":"https:\/\/www.europesays.com\/it\/wp-json\/wp\/v2\/categories?post=511483"},{"taxonomy":"post_tag","embeddable":true,"href":"https:\/\/www.europesays.com\/it\/wp-json\/wp\/v2\/tags?post=511483"}],"curies":[{"name":"wp","href":"https:\/\/api.w.org\/{rel}","templated":true}]}}