{"id":511502,"date":"2026-05-28T00:08:25","date_gmt":"2026-05-28T00:08:25","guid":{"rendered":"https:\/\/www.europesays.com\/it\/511502\/"},"modified":"2026-05-28T00:08:25","modified_gmt":"2026-05-28T00:08:25","slug":"teamvolley-ecco-il-nuovo-coach-e-gregorio-bertoni-newsbiella-it","status":"publish","type":"post","link":"https:\/\/www.europesays.com\/it\/511502\/","title":{"rendered":"TeamVolley, ecco il nuovo coach: \u00e8 Gregorio Bertoni\u00a0&#8211;\u00a0Newsbiella.it"},"content":{"rendered":"<p>Il <strong>TeamVolley<\/strong> \u00e8 lieto di accogliere nella grande famiglia biancoblu <strong>coach Gregorio Bertoni<\/strong>, il quale guider\u00e0 la prima squadra nel prossimo campionato nazionale di <strong>Serie B2<\/strong>.<\/p>\n<p>Classe 1987, vanta una lunga carriera da palleggiatore tra Biella Volley, Pallavolo Sant&#8217;Anna, Pallavolo Santhi\u00e0, Alto Canavese Volley, Scuola Pallavolo Biellese e Volley Vercelli. Una volta appese le ginocchiere al chiodo, Bertoni ha subito iniziato il suo percorso in panchina. Poche stagioni, ma accompagnate da risultati importanti. Giusto qualche giorno fa il nuovo allenatore del <strong>TeamVolley<\/strong> ha guidato il GS Tollegno a una storica promozione in Serie C.<\/p>\n<p>Oltre a gestire la formazione di punta del <strong>TeamVolley<\/strong>, coach Bertoni ricoprir\u00e0 degli incarichi all&#8217;interno del vivaio lessonese. Un profilo giovane ma affamato, che porter\u00e0 idee nuove e un approccio fresco allo sviluppo del settore tecnico.<\/p>\n<p>\u00a0Queste le sue prime parole da allenatore biancobl\u00f9: \u00abInnanzitutto voglio ringraziare il GS Tollegno: \u00e8 merito anche loro se sono arrivato qui, una societ\u00e0 composta di persone e amici. Da oggi entro a far parte del <strong>TeamVolley<\/strong>, una realt\u00e0 storica del Biellese. Ne sono molto contento e onorato. La chiamata \u00e8 giunta inaspettata, mi ha fatto molto piacere e ovviamente ho accettato con entusiasmo ed emozione. Come ho detto alla dirigenza, metter\u00f2 tutto me stesso &#8211; senza risparmiarmi &#8211; in questa avventura: dovremo sempre essere orgogliosi di ci\u00f2 che faremo. L&#8217;obiettivo che ci siamo fissati \u00e8 quello di &#8220;divertirci&#8221; e &#8220;far divertire&#8221;, portare entusiasmo e passione all&#8217;interno della palestra ad ogni partita coinvolgendo grandi e piccini. Conosco solo un modo per &#8220;divertirmi&#8221; ed \u00e8 quello di provare a vincere pi\u00f9 partite possibili, ma per vincere occorre sacrificarsi, lavorare sodo e a volte gettare il cuore oltre l\u2019ostacolo. A breve incontreremo le ragazze per la prima volta e definiremo anche con loro gli obiettivi comuni sui quali costruire. Non vedo l&#8217;ora di cominciare, forza <strong>TeamVolley<\/strong>!\u00bb.<\/p>\n<p>\u00a0A dargli il benvenuto a nome della societ\u00e0 \u00e8 il direttore sportivo Marco Motto: \u00abSiamo felicissimi di accogliere Gregorio al <strong>TeamVolley<\/strong> e ci fa molto piacere che abbia scelto di sposare in toto il nostro progetto sportivo. Abbiamo percepito chiaramente il suo entusiasmo, una volont\u00e0 forte di immergersi da subito nella realt\u00e0 di Lessona. Siamo certi che le sue competenze e le sue precedenti esperienze pallavolistiche, associate all&#8217;entusiasmo e alla disponibilit\u00e0 mostrate, gli permetteranno di svolgere un lavoro molto proficuo per il <strong>TeamVolley<\/strong>\u00bb.<\/p>\n<p> c. s. TeamVolley g. c.<\/p>\n","protected":false},"excerpt":{"rendered":"Il TeamVolley \u00e8 lieto di accogliere nella grande famiglia biancoblu coach Gregorio Bertoni, il quale guider\u00e0 la prima&hellip;\n","protected":false},"author":3,"featured_media":511503,"comment_status":"","ping_status":"","sticky":false,"template":"","format":"standard","meta":{"footnotes":"","_share_on_mastodon":"0"},"categories":[1474],"tags":[1934,1537,90,89,7,1935,245,244,26218,1869],"class_list":["post-511502","post","type-post","status-publish","format-standard","has-post-thumbnail","category-volley","tag-biella","tag-it","tag-italia","tag-italy","tag-news","tag-newsbiella","tag-sport","tag-sports","tag-teamvolley","tag-volley"],"share_on_mastodon":{"url":"https:\/\/pubeurope.com\/@it\/116649296326439995","error":""},"_links":{"self":[{"href":"https:\/\/www.europesays.com\/it\/wp-json\/wp\/v2\/posts\/511502","targetHints":{"allow":["GET"]}}],"collection":[{"href":"https:\/\/www.europesays.com\/it\/wp-json\/wp\/v2\/posts"}],"about":[{"href":"https:\/\/www.europesays.com\/it\/wp-json\/wp\/v2\/types\/post"}],"author":[{"embeddable":true,"href":"https:\/\/www.europesays.com\/it\/wp-json\/wp\/v2\/users\/3"}],"replies":[{"embeddable":true,"href":"https:\/\/www.europesays.com\/it\/wp-json\/wp\/v2\/comments?post=511502"}],"version-history":[{"count":0,"href":"https:\/\/www.europesays.com\/it\/wp-json\/wp\/v2\/posts\/511502\/revisions"}],"wp:featuredmedia":[{"embeddable":true,"href":"https:\/\/www.europesays.com\/it\/wp-json\/wp\/v2\/media\/511503"}],"wp:attachment":[{"href":"https:\/\/www.europesays.com\/it\/wp-json\/wp\/v2\/media?parent=511502"}],"wp:term":[{"taxonomy":"category","embeddable":true,"href":"https:\/\/www.europesays.com\/it\/wp-json\/wp\/v2\/categories?post=511502"},{"taxonomy":"post_tag","embeddable":true,"href":"https:\/\/www.europesays.com\/it\/wp-json\/wp\/v2\/tags?post=511502"}],"curies":[{"name":"wp","href":"https:\/\/api.w.org\/{rel}","templated":true}]}}