{"id":511652,"date":"2026-05-28T02:26:20","date_gmt":"2026-05-28T02:26:20","guid":{"rendered":"https:\/\/www.europesays.com\/it\/511652\/"},"modified":"2026-05-28T02:26:20","modified_gmt":"2026-05-28T02:26:20","slug":"giro-ditalia-piganzoli-la-mia-famiglia-e-un-supporto-speciale-intanto-prendo-consigli-da-vingegaard","status":"publish","type":"post","link":"https:\/\/www.europesays.com\/it\/511652\/","title":{"rendered":"GIRO D\u2019ITALIA. PIGANZOLI: \u00abLA MIA FAMIGLIA E\u2019 UN SUPPORTO SPECIALE, INTANTO PRENDO CONSIGLI DA VINGEGAARD\u00bb"},"content":{"rendered":"<p>            <a class=\"category\" href=\"https:\/\/www.tuttobiciweb.it\/articles\/category\/GIRO%20D%27ITALIA\" itemprop=\"about\" rel=\"nofollow noopener\" target=\"_blank\">GIRO D&#8217;ITALIA<\/a> | 27\/05\/2026 | 08:30<br \/>\n            <a class=\"author\" href=\"https:\/\/www.tuttobiciweb.it\/articles\/author\/Giorgia%20Monguzzi\" rel=\"nofollow noopener\" target=\"_blank\">di Giorgia Monguzzi<\/a><\/p>\n<p>E&#8217; uno degli uomini del momento. <strong>Davide Piganzoli non \u00e8 solo il futuro ma anche un presente sempre pi\u00f9 vivo del nostro ciclismo<\/strong>. Anche ieri sulla salita di Car\u00ec il valtellinese ha letteralmente lanciato Jonas Vingegaard che si \u00e8 preso la sua quarta vittoria di tappa. Un vero e proprio copia incolla di quello che era successo nel tappone aostano di sabato, non pi\u00f9 una sorpresa ma la conferma che l\u2019atleta italiano \u00e8 uno dei pi\u00f9 forti scalatori in gruppo nonch\u00e9 uomo di fiducia della maglia rosa.\n            <\/p>\n<p><strong>Davide \u00e8 arrivato al traguardo con le braccia alzate, formalmente sesto, ma idealmente vincitore insieme al suo capitano<\/strong>. Sulle strade il tifo era tantissimo, mentre in area Hospitality, al riparo dal sole cocente, la sua famiglia aveva lo sguardo fisso sul megaschermo. M<strong>amma Cristina, pap\u00e0 Enzo e il fratello Gabriele erano travolti dall\u2019emozione<\/strong>. Il loro \u00e8 un supporto speciale, quello sincero di una famiglia che non ha mai smesso di credere nel loro campione, fatto di abbracci come quello in cui Davide \u00e8 stato avvolto nella zona bus, una volta ripreso dalla tappa infernale. \u00ab<strong>Mi ritengo fortunato di avere una famiglia cos\u00ec. Mi hanno sempre seguito, mi spronano a migliorare e ci sono per ogni cosa<\/strong>. Mio fratello mi manda ogni giorno dei messaggi per aggiornarmi su quello che succede e in qualche modo mi d\u00e0 la forza di non mollare\u00bb ci dice Davide. La sua famiglia cerca di essere presente il pi\u00f9 possibile, c\u2019era a Milano e ci sar\u00e0 a Roma per il gran finale.\n            <\/p>\n<p>Con Davide per\u00f2 dobbiamo necessariamente fare un passo indietro perch\u00e9 a Car\u00ec \u00e8 stato ancora una volta il co \u2013 protagonista insieme a Jonas Vingegaard di un successo devastante. Gi\u00e0 alla partenza ci aveva anticipato che la sua squadra avrebbe fatto di tutto per controllare la tappa pi\u00f9 corta del Giro e presto fatto, tutto secondo i piani. \u00abSapevamo che sarebbe stata una giornata difficile, soprattutto se fosse andata via la fuga ma fortunatamente siamo riusciti a controllare la situazione. Il piano era che Jonas scattasse a circa 5,5 km dall\u2019arrivo dove c\u2019era l punto pi\u00f9 duro, ma ha deciso di anticipare i tempi. Siamo un team molto unito che sa quello che deve fare, Campenaert \u00e8 stato strepitoso, forse \u00e8 mancato un po\u2019 Kuss, ma io sono subentrato senza problemi<strong>. Jonas mi ha detto chiaramente quando poi sarebbe partito, cos\u00ec io ho accelerato per preparargli il terreno e poi \u00e8 stato tutto sulle sue spalle. E\u2019 un corridore incredibile e la sua vittoria \u00e8 come se fosse un po\u2019 mia <\/strong>\u00bbci\u00a0\u00a0racconta Davide che ancora una volta ha fatto parte di un ingranaggio praticamente perfetto.<\/p>\n<p>Non \u00e8 scontato con un ragazzo di 23 anni alla prima stagione del World Tour abbia la fiducia di un capitano in questo modo, ma <strong>Piganzoli fin da subito ha trovato il suo posto nel team olandese<\/strong>. E\u2019 consapevole dei suoi mezzi e nonostante in questi giorni il suo nome rimbalzi ancora pi\u00f9 clamorosamente tra i media e tra i tifosi ha sempre seguito la sua strada senza montarsi la testa. Lavora duro e sorride sempre, ma soprattutto ha capito che lavorare per Vingegaard \u00e8 soprattutto un\u2019occasione unica per imparare tanto. \u00abSono veramente felice della mia condizione e la squadra sta credendo molto in me. <strong>Jonas \u00e8 un bravissimo capitano e spesso mi prende in parte per parlare del modo migliore di affrontare le salite, mi spiega la sua mentalit\u00e0 come fa a vincere le corse e tutto quello che ci sta intorno. \u00c8 bellissimo perch\u00e9 proprio lui \u00e8 il primo a darmi fiducia, \u00e8 convinto che possa fare grandi cose e spesso mi spinge affinch\u00e8 io faccia la mia gara<\/strong> \u2013 prosegue Davide \u2013 nei due ultimi arrivi in salita ho cercato di tenere duro il pi\u00f9 possibile, ma la soluzione migliore \u00e8 stata quella di tenere il mio ritmo, non sfiancarmi per nulla. La squadra stessa mi ha detto pi\u00f9 volte che non devo esagerare, devo salire con il mio passo, scoprirmi poco per volta e i risultati verranno di conseguenza\u00bb.<\/p>\n<p>Con 4 tappe vinte su altrettanti arrivi in salita Vingegaard \u00e8 sempre pi\u00f9 dominatore e il Giro sembra ormai chiuso. La battaglia sembra ormai possibile solo per le posizioni sul podio e il Team Visma potrebbe anche solo limitarsi a controllare. Come ci fa notare per\u00f2 Davide le tappe mancanti sono ancora 5 e, nonostante l\u2019ampio margine di vantaggio con una giornata storta tutto potrebbe cambiare. Il suo compito sar\u00e0 quello di supportare il capitano in tutto e per tutto mentre nella testa ha gi\u00e0 un sogno preciso: \u00ab<strong>In questo momento ho solo un obiettivo: arrivare a Roma con Jonas in rosa<\/strong>. Io sono al Giro esclusivamente per lui ed ogni sua vittoria \u00e8 come se fosse la mia.\u00bb<\/p>\n<p>\n    <a href=\"https:\/\/www.tuttobiciweb.it\/article\/2026\/05\/27\/1779831100\/davide-piganzoli-vingegaard-cycling-giro-d-italia-domestiques?lang=en\" rel=\"nofollow noopener\" target=\"_blank\"><img decoding=\"async\" src=\"https:\/\/www.europesays.com\/it\/wp-content\/uploads\/2025\/12\/enver.png\"\/><\/a><\/p>\n<p>Copyright &amp;copy TBW<\/p>\n","protected":false},"excerpt":{"rendered":"GIRO D&#8217;ITALIA | 27\/05\/2026 | 08:30 di Giorgia Monguzzi E&#8217; uno degli uomini del momento. Davide Piganzoli non&hellip;\n","protected":false},"author":3,"featured_media":511653,"comment_status":"","ping_status":"","sticky":false,"template":"","format":"standard","meta":{"footnotes":"","_share_on_mastodon":"0"},"categories":[1456],"tags":[1824,1825,74344,4851,2227,1537,90,89,245,244,2223],"class_list":["post-511652","post","type-post","status-publish","format-standard","has-post-thumbnail","category-ciclismo","tag-ciclismo","tag-cycling","tag-davide-piganzoli","tag-giro-ditalia","tag-gregari","tag-it","tag-italia","tag-italy","tag-sport","tag-sports","tag-vingegaard"],"share_on_mastodon":{"url":"https:\/\/pubeurope.com\/@it\/116649839450252791","error":""},"_links":{"self":[{"href":"https:\/\/www.europesays.com\/it\/wp-json\/wp\/v2\/posts\/511652","targetHints":{"allow":["GET"]}}],"collection":[{"href":"https:\/\/www.europesays.com\/it\/wp-json\/wp\/v2\/posts"}],"about":[{"href":"https:\/\/www.europesays.com\/it\/wp-json\/wp\/v2\/types\/post"}],"author":[{"embeddable":true,"href":"https:\/\/www.europesays.com\/it\/wp-json\/wp\/v2\/users\/3"}],"replies":[{"embeddable":true,"href":"https:\/\/www.europesays.com\/it\/wp-json\/wp\/v2\/comments?post=511652"}],"version-history":[{"count":0,"href":"https:\/\/www.europesays.com\/it\/wp-json\/wp\/v2\/posts\/511652\/revisions"}],"wp:featuredmedia":[{"embeddable":true,"href":"https:\/\/www.europesays.com\/it\/wp-json\/wp\/v2\/media\/511653"}],"wp:attachment":[{"href":"https:\/\/www.europesays.com\/it\/wp-json\/wp\/v2\/media?parent=511652"}],"wp:term":[{"taxonomy":"category","embeddable":true,"href":"https:\/\/www.europesays.com\/it\/wp-json\/wp\/v2\/categories?post=511652"},{"taxonomy":"post_tag","embeddable":true,"href":"https:\/\/www.europesays.com\/it\/wp-json\/wp\/v2\/tags?post=511652"}],"curies":[{"name":"wp","href":"https:\/\/api.w.org\/{rel}","templated":true}]}}